{"id":532293,"date":"2026-04-29T12:02:46","date_gmt":"2026-04-29T10:02:46","guid":{"rendered":"https:\/\/leregardlibre.com\/?p=532293"},"modified":"2026-04-29T12:02:56","modified_gmt":"2026-04-29T10:02:56","slug":"mark-littlewood-interview","status":"publish","type":"post","link":"https:\/\/leregardlibre.com\/en\/policy\/mark-littlewood-interview\/","title":{"rendered":"Mark Littlewood: \u00abThe real divide is no longer economic, but one of identity\u00bb"},"content":{"rendered":"<div class='content_excerpt'>\n<p class=\"has-drop-cap\"><strong>At a time of reconfigured political cleavages in Britain and Europe, Thatcherite thinker Mark Littlewood gives his views on the future of the right and the place of liberal-conservatism in Britain and the West.<\/strong><\/p>\n\n\n\n (more...)\n    <div class='restricted_content_fade'><\/div>\n    <\/div>\n  <style>\n    .content_excerpt{\n      position: relative;\n    }\n    .content_excerpt .restricted_content_fade{\n      position: absolute;\n      bottom: 0;\n      left: 0;\n      right: 0;\n      height: 75px;\n\t  margin-bottom: 0px;\n      background-image: linear-gradient(#ffffff2e, white);\n    }\n\n    .restricted_content{\n      margin-top: 30px;\n      border: solid #dddddd 1px;\n      border-radius: 7px;\n      padding: 30px;\n    }\n    \n    .restricted_content .restricted_content_title{\n      font-size: 22px;\n      font-weight: 600;\n    }\n    .restricted_content .restricted_content_flex_row{\n      display: flex;\n      flex-direction: row;\n    }\n    .restricted_content .restricted_content_image_container{\n      flex: 3;\n    }\n    .restricted_content .restricted_content_flex_column{\n      flex: 4;\n      display: flex;\n      flex-direction: column;\n      margin-left: 40px;\n      justify-content: center;\n    }\n\n\n    .restricted_content_buttons{\n      display: flex;\n      flex-direction: column;\n      width: min-content;\n    }\n    .restricted_content_button{\n      background-color: #f2f2f2;\n      text-transform: uppercase;\n      font-weight: 600;\n      padding: 8px 40px;\n      text-align: center;\n      font-size: 13px;\n      margin-top: 10px;\n      width: max-content;\n      width: 100%;\n      white-space: nowrap;\n    }\n    .restricted_content_button:hover {\n      background-color: #111111;\n      color: white;\n      text-decoration: none !important;\n    }\n\n    .restricted_content_primary_button{\n      background-color: #1F2A68 !important;\n      color: white !important;\n    }\n    .restricted_content_primary_button:hover {\n      background-color: #111111;\n    }\n\n    .restricted_content_text{\n      margin-bottom: 10px;\n      line-height: 1.2;\n      font-weight: 500;\n      font-size: 16px;\n    }\n\n  \n  <\/style>\n  <div class='restricted_content'>\n    <h3 class='restricted_content_title'>This content is reserved for our subscribers.<\/h3>\n    <div class='restricted_content_flex_row'>\n      <div class='restricted_content_image_container'>\n        <img class='restricted_content_image' src='\/wp-content\/uploads\/2025\/08\/abo_physique.png' \/>\n      <\/div>\n      <div class='restricted_content_flex_column'>\n        <div class='restricted_content_text'>If you have an account, please log in. Otherwise, discover our different subscription packages and create an account from CHF 2.50 for the first month.<\/div>\n        <div class='restricted_content_buttons'>\n          <a href='\/en\/subscription\/' class='restricted_content_button restricted_content_primary_button'>See subscriptions<\/a><a href='\/en\/my-account\/?redirect_to=https:\/\/leregardlibre.com\/en\/policy\/mark-littlewood-interview\/'class='restricted_content_button'>Login<\/a><\/div>\n      <\/div>\n    <\/div>\n  <\/div>","protected":false},"excerpt":{"rendered":"<div class='content_excerpt'>\n<p class=\"has-drop-cap\"><strong>At a time of reconfigured political cleavages in Britain and Europe, Thatcherite thinker Mark Littlewood gives his views on the future of the right and the place of liberal-conservatism in Britain and the West.<\/strong><\/p>\n<p> (more...)<\/p>\n<div class='restricted_content_fade'><\/div>\n<\/p><\/div>\n<style>\n    .content_excerpt{\n      position: relative;\n    }\n    .content_excerpt .restricted_content_fade{\n      position: absolute;\n      bottom: 0;\n      left: 0;\n      right: 0;\n      height: 75px;\n\t  margin-bottom: 0px;\n      background-image: linear-gradient(#ffffff2e, white);\n    }<\/p>\n<p>    .restricted_content{\n      margin-top: 30px;\n      border: solid #dddddd 1px;\n      border-radius: 7px;\n      padding: 30px;\n    }<\/p>\n<p>    .restricted_content .restricted_content_title{\n      font-size: 22px;\n      font-weight: 600;\n    }\n    .restricted_content .restricted_content_flex_row{\n      display: flex;\n      flex-direction: row;\n    }\n    .restricted_content .restricted_content_image_container{\n      flex: 3;\n    }\n    .restricted_content .restricted_content_flex_column{\n      flex: 4;\n      display: flex;\n      flex-direction: column;\n      margin-left: 40px;\n      justify-content: center;\n    }<\/p>\n<p>    .restricted_content_buttons{\n      display: flex;\n      flex-direction: column;\n      width: min-content;\n    }\n    .restricted_content_button{\n      background-color: #f2f2f2;\n      text-transform: uppercase;\n      font-weight: 600;\n      padding: 8px 40px;\n      text-align: center;\n      font-size: 13px;\n      margin-top: 10px;\n      width: max-content;\n      width: 100%;\n      white-space: nowrap;\n    }\n    .restricted_content_button:hover {\n      background-color: #111111;\n      color: white;\n      text-decoration: none !important;\n    }<\/p>\n<p>    .restricted_content_primary_button{\n      background-color: #1F2A68 !important;\n      color: white !important;\n    }\n    .restricted_content_primary_button:hover {\n      background-color: #111111;\n    }<\/p>\n<p>    .restricted_content_text{\n      margin-bottom: 10px;\n      line-height: 1.2;\n      font-weight: 500;\n      font-size: 16px;\n    }<\/p>\n<\/style>\n<div class='restricted_content'>\n<h3 class='restricted_content_title'>This content is reserved for our subscribers.<\/h3>\n<div class='restricted_content_flex_row'>\n<div class='restricted_content_image_container'>\n        <img class='restricted_content_image' src='\/wp-content\/uploads\/2025\/08\/abo_physique.png' \/>\n      <\/div>\n<div class='restricted_content_flex_column'>\n<div class='restricted_content_text'>If you have an account, please log in. Otherwise, discover our different subscription packages and create an account from CHF 2.50 for the first month.<\/div>\n<div class='restricted_content_buttons'>\n          <a href='\/en\/subscription\/' class='restricted_content_button restricted_content_primary_button'>See subscriptions<\/a><a href='\/en\/my-account\/?redirect_to=https:\/\/leregardlibre.com\/en\/policy\/mark-littlewood-interview\/'class='restricted_content_button'>Login<\/a><\/div>\n<\/p><\/div>\n<\/p><\/div>\n<\/p><\/div>","protected":false},"author":656,"featured_media":532295,"comment_status":"open","ping_status":"closed","sticky":false,"template":"","format":"standard","meta":{"_acf_changed":false,"footnotes":""},"categories":[1001],"tags":[119286966,453465,4363,11788,33225,434562],"class_list":["post-532293","post","type-post","status-publish","format-standard","has-post-thumbnail","hentry","category-politique","tag-brexit","tag-conservatisme","tag-immigration","tag-interviews","tag-liberalisme","tag-royaume-uni","membership-content","access-restricted"],"acf":[],"yoast_head":"<!-- This site is optimized with the Yoast SEO Premium plugin v27.4 (Yoast SEO v27.4) - https:\/\/yoast.com\/product\/yoast-seo-premium-wordpress\/ -->\n<title>Mark Littlewood: \u00abLe vrai clivage n\u2019est plus \u00e9conomique, mais identitaire\u00bb<\/title>\n<meta name=\"description\" content=\"Mark\u00a0Littlewood, directeur de PopCon, s\u2019exprime sur l\u2019avenir des droites et la place du lib\u00e9ral-conservatisme au Royaume-Uni et en Occident.\" \/>\n<meta name=\"robots\" content=\"index, follow, max-snippet:-1, max-image-preview:large, max-video-preview:-1\" \/>\n<link rel=\"canonical\" href=\"https:\/\/leregardlibre.com\/en\/policy\/mark-littlewood-interview\/\" \/>\n<meta property=\"og:locale\" content=\"en_US\" \/>\n<meta property=\"og:type\" content=\"article\" \/>\n<meta property=\"og:title\" content=\"Mark Littlewood: \u00abLe vrai clivage n\u2019est plus \u00e9conomique, mais identitaire\u00bb\" \/>\n<meta property=\"og:description\" content=\"Mark\u00a0Littlewood, directeur de PopCon, s\u2019exprime sur l\u2019avenir des droites et la place du lib\u00e9ral-conservatisme au Royaume-Uni et en Occident.\" \/>\n<meta property=\"og:url\" content=\"https:\/\/leregardlibre.com\/en\/policy\/mark-littlewood-interview\/\" \/>\n<meta property=\"og:site_name\" content=\"Le Regard Libre\" \/>\n<meta property=\"article:publisher\" content=\"https:\/\/www.facebook.com\/leregardlibre\/\" \/>\n<meta property=\"article:published_time\" content=\"2026-04-29T10:02:46+00:00\" \/>\n<meta property=\"article:modified_time\" content=\"2026-04-29T10:02:56+00:00\" \/>\n<meta property=\"og:image\" content=\"https:\/\/leregardlibre.com\/wp-content\/uploads\/2026\/04\/mark-littlewood-en-juillet-2024-scaled-e1777456480434.jpg\" \/>\n\t<meta property=\"og:image:width\" content=\"1920\" \/>\n\t<meta property=\"og:image:height\" content=\"1280\" \/>\n\t<meta property=\"og:image:type\" content=\"image\/jpeg\" \/>\n<meta name=\"author\" content=\"Antoine L\u00e9v\u00eaque\" \/>\n<meta name=\"twitter:card\" content=\"summary_large_image\" \/>\n<meta name=\"twitter:creator\" content=\"@LeRegardLibre\" \/>\n<meta name=\"twitter:site\" content=\"@LeRegardLibre\" \/>\n<meta name=\"twitter:label1\" content=\"Written by\" \/>\n\t<meta name=\"twitter:data1\" content=\"Antoine L\u00e9v\u00eaque\" \/>\n\t<meta name=\"twitter:label2\" content=\"Est. reading time\" \/>\n\t<meta name=\"twitter:data2\" content=\"17 minutes\" \/>\n<script type=\"application\/ld+json\" class=\"yoast-schema-graph\">{\"@context\":\"https:\\\/\\\/schema.org\",\"@graph\":[{\"@type\":\"Article\",\"@id\":\"https:\\\/\\\/leregardlibre.com\\\/politique\\\/mark-littlewood-interview\\\/#article\",\"isPartOf\":{\"@id\":\"https:\\\/\\\/leregardlibre.com\\\/politique\\\/mark-littlewood-interview\\\/\"},\"author\":{\"name\":\"Antoine L\u00e9v\u00eaque\",\"@id\":\"https:\\\/\\\/leregardlibre.com\\\/#\\\/schema\\\/person\\\/63ccfed58504d8086618eb1fc9bb6668\"},\"headline\":\"Mark Littlewood: \u00abLe vrai clivage n\u2019est plus \u00e9conomique, mais identitaire\u00bb\",\"datePublished\":\"2026-04-29T10:02:46+00:00\",\"dateModified\":\"2026-04-29T10:02:56+00:00\",\"mainEntityOfPage\":{\"@id\":\"https:\\\/\\\/leregardlibre.com\\\/politique\\\/mark-littlewood-interview\\\/\"},\"wordCount\":3639,\"commentCount\":0,\"publisher\":{\"@id\":\"https:\\\/\\\/leregardlibre.com\\\/#organization\"},\"image\":{\"@id\":\"https:\\\/\\\/leregardlibre.com\\\/politique\\\/mark-littlewood-interview\\\/#primaryimage\"},\"thumbnailUrl\":\"https:\\\/\\\/leregardlibre.com\\\/wp-content\\\/uploads\\\/2026\\\/04\\\/mark-littlewood-en-juillet-2024-scaled-e1777456480434.jpg\",\"keywords\":[\"Brexit\",\"Conservatisme\",\"Immigration\",\"Interview\",\"Lib\u00e9ralisme\",\"Royaume-Uni\"],\"articleSection\":[\"Politique\"],\"inLanguage\":\"en-US\",\"potentialAction\":[{\"@type\":\"CommentAction\",\"name\":\"Comment\",\"target\":[\"https:\\\/\\\/leregardlibre.com\\\/politique\\\/mark-littlewood-interview\\\/#respond\"]}]},{\"@type\":\"WebPage\",\"@id\":\"https:\\\/\\\/leregardlibre.com\\\/politique\\\/mark-littlewood-interview\\\/\",\"url\":\"https:\\\/\\\/leregardlibre.com\\\/politique\\\/mark-littlewood-interview\\\/\",\"name\":\"Mark Littlewood: \u00abLe vrai clivage n\u2019est plus \u00e9conomique, mais identitaire\u00bb\",\"isPartOf\":{\"@id\":\"https:\\\/\\\/leregardlibre.com\\\/#website\"},\"primaryImageOfPage\":{\"@id\":\"https:\\\/\\\/leregardlibre.com\\\/politique\\\/mark-littlewood-interview\\\/#primaryimage\"},\"image\":{\"@id\":\"https:\\\/\\\/leregardlibre.com\\\/politique\\\/mark-littlewood-interview\\\/#primaryimage\"},\"thumbnailUrl\":\"https:\\\/\\\/leregardlibre.com\\\/wp-content\\\/uploads\\\/2026\\\/04\\\/mark-littlewood-en-juillet-2024-scaled-e1777456480434.jpg\",\"datePublished\":\"2026-04-29T10:02:46+00:00\",\"dateModified\":\"2026-04-29T10:02:56+00:00\",\"description\":\"Mark\u00a0Littlewood, directeur de PopCon, s\u2019exprime sur l\u2019avenir des droites et la place du lib\u00e9ral-conservatisme au Royaume-Uni et en Occident.\",\"breadcrumb\":{\"@id\":\"https:\\\/\\\/leregardlibre.com\\\/politique\\\/mark-littlewood-interview\\\/#breadcrumb\"},\"inLanguage\":\"en-US\",\"potentialAction\":[{\"@type\":\"ReadAction\",\"target\":[\"https:\\\/\\\/leregardlibre.com\\\/politique\\\/mark-littlewood-interview\\\/\"]}]},{\"@type\":\"ImageObject\",\"inLanguage\":\"en-US\",\"@id\":\"https:\\\/\\\/leregardlibre.com\\\/politique\\\/mark-littlewood-interview\\\/#primaryimage\",\"url\":\"https:\\\/\\\/leregardlibre.com\\\/wp-content\\\/uploads\\\/2026\\\/04\\\/mark-littlewood-en-juillet-2024-scaled-e1777456480434.jpg\",\"contentUrl\":\"https:\\\/\\\/leregardlibre.com\\\/wp-content\\\/uploads\\\/2026\\\/04\\\/mark-littlewood-en-juillet-2024-scaled-e1777456480434.jpg\",\"width\":1920,\"height\":1280,\"caption\":\"Mark Littlewood est \u00e0 la t\u00eate du groupe de r\u00e9flexion Popular Conservatism (PopCon), qui souhaite rapprocher les droites britanniques. Photo: PopCon\"},{\"@type\":\"BreadcrumbList\",\"@id\":\"https:\\\/\\\/leregardlibre.com\\\/politique\\\/mark-littlewood-interview\\\/#breadcrumb\",\"itemListElement\":[{\"@type\":\"ListItem\",\"position\":1,\"name\":\"Accueil\",\"item\":\"https:\\\/\\\/leregardlibre.com\\\/\"},{\"@type\":\"ListItem\",\"position\":2,\"name\":\"Mark Littlewood: \u00abLe vrai clivage n\u2019est plus \u00e9conomique, mais identitaire\u00bb\"}]},{\"@type\":\"WebSite\",\"@id\":\"https:\\\/\\\/leregardlibre.com\\\/#website\",\"url\":\"https:\\\/\\\/leregardlibre.com\\\/\",\"name\":\"Le Regard Libre\",\"description\":\"Premier mensuel suisse de d\u00e9bat\",\"publisher\":{\"@id\":\"https:\\\/\\\/leregardlibre.com\\\/#organization\"},\"potentialAction\":[{\"@type\":\"SearchAction\",\"target\":{\"@type\":\"EntryPoint\",\"urlTemplate\":\"https:\\\/\\\/leregardlibre.com\\\/?s={search_term_string}\"},\"query-input\":{\"@type\":\"PropertyValueSpecification\",\"valueRequired\":true,\"valueName\":\"search_term_string\"}}],\"inLanguage\":\"en-US\"},{\"@type\":\"Organization\",\"@id\":\"https:\\\/\\\/leregardlibre.com\\\/#organization\",\"name\":\"Le Regard Libre\",\"url\":\"https:\\\/\\\/leregardlibre.com\\\/\",\"logo\":{\"@type\":\"ImageObject\",\"inLanguage\":\"en-US\",\"@id\":\"https:\\\/\\\/leregardlibre.com\\\/#\\\/schema\\\/logo\\\/image\\\/\",\"url\":\"https:\\\/\\\/leregardlibre.com\\\/wp-content\\\/uploads\\\/2025\\\/08\\\/logo-rl-icone-neg.jpeg\",\"contentUrl\":\"https:\\\/\\\/leregardlibre.com\\\/wp-content\\\/uploads\\\/2025\\\/08\\\/logo-rl-icone-neg.jpeg\",\"width\":557,\"height\":556,\"caption\":\"Le Regard Libre\"},\"image\":{\"@id\":\"https:\\\/\\\/leregardlibre.com\\\/#\\\/schema\\\/logo\\\/image\\\/\"},\"sameAs\":[\"https:\\\/\\\/www.facebook.com\\\/leregardlibre\\\/\",\"https:\\\/\\\/x.com\\\/LeRegardLibre\",\"https:\\\/\\\/www.linkedin.com\\\/company\\\/le-regard-libre\",\"https:\\\/\\\/www.instagram.com\\\/leregardlibre\\\/\",\"http:\\\/\\\/t.me\\\/leregardlibre\",\"https:\\\/\\\/youtube.com\\\/channel\\\/UC6HzGPomj1LsUmlz-sJtITQ\"],\"description\":\"Le Regard Libre est un mensuel suisse de d\u00e9bat intellectuel et culturel. Sa r\u00e9daction est jeune, b\u00e9n\u00e9vole, lib\u00e9rale et pluraliste. Le magazine para\u00eet en ligne et sous forme papier. Sa langue est le fran\u00e7ais.\",\"email\":\"redaction@leregardlibre.com\",\"legalName\":\"Le Regard Libre\",\"foundingDate\":\"2014-01-01\",\"numberOfEmployees\":{\"@type\":\"QuantitativeValue\",\"minValue\":\"11\",\"maxValue\":\"50\"},\"publishingPrinciples\":\"https:\\\/\\\/leregardlibre.com\\\/a-propos\\\/notre-manifeste\\\/\",\"ownershipFundingInfo\":\"https:\\\/\\\/leregardlibre.com\\\/mentions-legales\\\/\",\"actionableFeedbackPolicy\":\"https:\\\/\\\/leregardlibre.com\\\/conditions-generales-de-vente\\\/\"},{\"@type\":\"Person\",\"@id\":\"https:\\\/\\\/leregardlibre.com\\\/#\\\/schema\\\/person\\\/63ccfed58504d8086618eb1fc9bb6668\",\"name\":\"Antoine L\u00e9v\u00eaque\",\"image\":{\"@type\":\"ImageObject\",\"inLanguage\":\"en-US\",\"@id\":\"https:\\\/\\\/secure.gravatar.com\\\/avatar\\\/74d60f09b96cfcde4242137eed403a9da16eba7eb49d01d31f003fd3213ddbf8?s=96&d=identicon&r=g\",\"url\":\"https:\\\/\\\/secure.gravatar.com\\\/avatar\\\/74d60f09b96cfcde4242137eed403a9da16eba7eb49d01d31f003fd3213ddbf8?s=96&d=identicon&r=g\",\"contentUrl\":\"https:\\\/\\\/secure.gravatar.com\\\/avatar\\\/74d60f09b96cfcde4242137eed403a9da16eba7eb49d01d31f003fd3213ddbf8?s=96&d=identicon&r=g\",\"caption\":\"Antoine L\u00e9v\u00eaque\"},\"url\":\"https:\\\/\\\/leregardlibre.com\\\/en\\\/author\\\/antoine-leveque\\\/\"}]}<\/script>\n<!-- \/ Yoast SEO Premium plugin. -->","yoast_head_json":{"title":"Mark Littlewood: \u00abThe real divide is no longer economic, but one of identity\u00bb","description":"Mark Littlewood, director of PopCon, discusses the future of the right and the place of liberal-conservatism in the UK and the West.","robots":{"index":"index","follow":"follow","max-snippet":"max-snippet:-1","max-image-preview":"max-image-preview:large","max-video-preview":"max-video-preview:-1"},"canonical":"https:\/\/leregardlibre.com\/en\/policy\/mark-littlewood-interview\/","og_locale":"en_US","og_type":"article","og_title":"Mark Littlewood: \u00abLe vrai clivage n\u2019est plus \u00e9conomique, mais identitaire\u00bb","og_description":"Mark\u00a0Littlewood, directeur de PopCon, s\u2019exprime sur l\u2019avenir des droites et la place du lib\u00e9ral-conservatisme au Royaume-Uni et en Occident.","og_url":"https:\/\/leregardlibre.com\/en\/policy\/mark-littlewood-interview\/","og_site_name":"Le Regard Libre","article_publisher":"https:\/\/www.facebook.com\/leregardlibre\/","article_published_time":"2026-04-29T10:02:46+00:00","article_modified_time":"2026-04-29T10:02:56+00:00","og_image":[{"width":1920,"height":1280,"url":"https:\/\/leregardlibre.com\/wp-content\/uploads\/2026\/04\/mark-littlewood-en-juillet-2024-scaled-e1777456480434.jpg","type":"image\/jpeg"}],"author":"Antoine L\u00e9v\u00eaque","twitter_card":"summary_large_image","twitter_creator":"@LeRegardLibre","twitter_site":"@LeRegardLibre","twitter_misc":{"Written by":"Antoine L\u00e9v\u00eaque","Est. reading time":"17 minutes"},"schema":{"@context":"https:\/\/schema.org","@graph":[{"@type":"Article","@id":"https:\/\/leregardlibre.com\/politique\/mark-littlewood-interview\/#article","isPartOf":{"@id":"https:\/\/leregardlibre.com\/politique\/mark-littlewood-interview\/"},"author":{"name":"Antoine L\u00e9v\u00eaque","@id":"https:\/\/leregardlibre.com\/#\/schema\/person\/63ccfed58504d8086618eb1fc9bb6668"},"headline":"Mark Littlewood: \u00abLe vrai clivage n\u2019est plus \u00e9conomique, mais identitaire\u00bb","datePublished":"2026-04-29T10:02:46+00:00","dateModified":"2026-04-29T10:02:56+00:00","mainEntityOfPage":{"@id":"https:\/\/leregardlibre.com\/politique\/mark-littlewood-interview\/"},"wordCount":3639,"commentCount":0,"publisher":{"@id":"https:\/\/leregardlibre.com\/#organization"},"image":{"@id":"https:\/\/leregardlibre.com\/politique\/mark-littlewood-interview\/#primaryimage"},"thumbnailUrl":"https:\/\/leregardlibre.com\/wp-content\/uploads\/2026\/04\/mark-littlewood-en-juillet-2024-scaled-e1777456480434.jpg","keywords":["Brexit","Conservatisme","Immigration","Interview","Lib\u00e9ralisme","Royaume-Uni"],"articleSection":["Politique"],"inLanguage":"en-US","potentialAction":[{"@type":"CommentAction","name":"Comment","target":["https:\/\/leregardlibre.com\/politique\/mark-littlewood-interview\/#respond"]}]},{"@type":"WebPage","@id":"https:\/\/leregardlibre.com\/politique\/mark-littlewood-interview\/","url":"https:\/\/leregardlibre.com\/politique\/mark-littlewood-interview\/","name":"Mark Littlewood: \u00abThe real divide is no longer economic, but one of identity\u00bb","isPartOf":{"@id":"https:\/\/leregardlibre.com\/#website"},"primaryImageOfPage":{"@id":"https:\/\/leregardlibre.com\/politique\/mark-littlewood-interview\/#primaryimage"},"image":{"@id":"https:\/\/leregardlibre.com\/politique\/mark-littlewood-interview\/#primaryimage"},"thumbnailUrl":"https:\/\/leregardlibre.com\/wp-content\/uploads\/2026\/04\/mark-littlewood-en-juillet-2024-scaled-e1777456480434.jpg","datePublished":"2026-04-29T10:02:46+00:00","dateModified":"2026-04-29T10:02:56+00:00","description":"Mark Littlewood, director of PopCon, discusses the future of the right and the place of liberal-conservatism in the UK and the West.","breadcrumb":{"@id":"https:\/\/leregardlibre.com\/politique\/mark-littlewood-interview\/#breadcrumb"},"inLanguage":"en-US","potentialAction":[{"@type":"ReadAction","target":["https:\/\/leregardlibre.com\/politique\/mark-littlewood-interview\/"]}]},{"@type":"ImageObject","inLanguage":"en-US","@id":"https:\/\/leregardlibre.com\/politique\/mark-littlewood-interview\/#primaryimage","url":"https:\/\/leregardlibre.com\/wp-content\/uploads\/2026\/04\/mark-littlewood-en-juillet-2024-scaled-e1777456480434.jpg","contentUrl":"https:\/\/leregardlibre.com\/wp-content\/uploads\/2026\/04\/mark-littlewood-en-juillet-2024-scaled-e1777456480434.jpg","width":1920,"height":1280,"caption":"Mark Littlewood est \u00e0 la t\u00eate du groupe de r\u00e9flexion Popular Conservatism (PopCon), qui souhaite rapprocher les droites britanniques. Photo: PopCon"},{"@type":"BreadcrumbList","@id":"https:\/\/leregardlibre.com\/politique\/mark-littlewood-interview\/#breadcrumb","itemListElement":[{"@type":"ListItem","position":1,"name":"Accueil","item":"https:\/\/leregardlibre.com\/"},{"@type":"ListItem","position":2,"name":"Mark Littlewood: \u00abLe vrai clivage n\u2019est plus \u00e9conomique, mais identitaire\u00bb"}]},{"@type":"WebSite","@id":"https:\/\/leregardlibre.com\/#website","url":"https:\/\/leregardlibre.com\/","name":"Le Regard Libre","description":"Switzerland's first monthly debate magazine","publisher":{"@id":"https:\/\/leregardlibre.com\/#organization"},"potentialAction":[{"@type":"SearchAction","target":{"@type":"EntryPoint","urlTemplate":"https:\/\/leregardlibre.com\/?s={search_term_string}"},"query-input":{"@type":"PropertyValueSpecification","valueRequired":true,"valueName":"search_term_string"}}],"inLanguage":"en-US"},{"@type":"Organization","@id":"https:\/\/leregardlibre.com\/#organization","name":"Le Regard Libre","url":"https:\/\/leregardlibre.com\/","logo":{"@type":"ImageObject","inLanguage":"en-US","@id":"https:\/\/leregardlibre.com\/#\/schema\/logo\/image\/","url":"https:\/\/leregardlibre.com\/wp-content\/uploads\/2025\/08\/logo-rl-icone-neg.jpeg","contentUrl":"https:\/\/leregardlibre.com\/wp-content\/uploads\/2025\/08\/logo-rl-icone-neg.jpeg","width":557,"height":556,"caption":"Le Regard Libre"},"image":{"@id":"https:\/\/leregardlibre.com\/#\/schema\/logo\/image\/"},"sameAs":["https:\/\/www.facebook.com\/leregardlibre\/","https:\/\/x.com\/LeRegardLibre","https:\/\/www.linkedin.com\/company\/le-regard-libre","https:\/\/www.instagram.com\/leregardlibre\/","http:\/\/t.me\/leregardlibre","https:\/\/youtube.com\/channel\/UC6HzGPomj1LsUmlz-sJtITQ"],"description":"Le Regard Libre is a Swiss monthly magazine for intellectual and cultural debate. Its editorial team is young, voluntary, liberal and pluralist. The magazine appears online and in print. Its language is French.","email":"redaction@leregardlibre.com","legalName":"Le Regard Libre","foundingDate":"2014-01-01","numberOfEmployees":{"@type":"QuantitativeValue","minValue":"11","maxValue":"50"},"publishingPrinciples":"https:\/\/leregardlibre.com\/a-propos\/notre-manifeste\/","ownershipFundingInfo":"https:\/\/leregardlibre.com\/mentions-legales\/","actionableFeedbackPolicy":"https:\/\/leregardlibre.com\/conditions-generales-de-vente\/"},{"@type":"Person","@id":"https:\/\/leregardlibre.com\/#\/schema\/person\/63ccfed58504d8086618eb1fc9bb6668","name":"Antoine L\u00e9v\u00eaque","image":{"@type":"ImageObject","inLanguage":"en-US","@id":"https:\/\/secure.gravatar.com\/avatar\/74d60f09b96cfcde4242137eed403a9da16eba7eb49d01d31f003fd3213ddbf8?s=96&d=identicon&r=g","url":"https:\/\/secure.gravatar.com\/avatar\/74d60f09b96cfcde4242137eed403a9da16eba7eb49d01d31f003fd3213ddbf8?s=96&d=identicon&r=g","contentUrl":"https:\/\/secure.gravatar.com\/avatar\/74d60f09b96cfcde4242137eed403a9da16eba7eb49d01d31f003fd3213ddbf8?s=96&d=identicon&r=g","caption":"Antoine L\u00e9v\u00eaque"},"url":"https:\/\/leregardlibre.com\/en\/author\/antoine-leveque\/"}]}},"_links":{"self":[{"href":"https:\/\/leregardlibre.com\/en\/wp-json\/wp\/v2\/posts\/532293","targetHints":{"allow":["GET"]}}],"collection":[{"href":"https:\/\/leregardlibre.com\/en\/wp-json\/wp\/v2\/posts"}],"about":[{"href":"https:\/\/leregardlibre.com\/en\/wp-json\/wp\/v2\/types\/post"}],"author":[{"embeddable":true,"href":"https:\/\/leregardlibre.com\/en\/wp-json\/wp\/v2\/users\/656"}],"replies":[{"embeddable":true,"href":"https:\/\/leregardlibre.com\/en\/wp-json\/wp\/v2\/comments?post=532293"}],"version-history":[{"count":2,"href":"https:\/\/leregardlibre.com\/en\/wp-json\/wp\/v2\/posts\/532293\/revisions"}],"predecessor-version":[{"id":532296,"href":"https:\/\/leregardlibre.com\/en\/wp-json\/wp\/v2\/posts\/532293\/revisions\/532296"}],"wp:featuredmedia":[{"embeddable":true,"href":"https:\/\/leregardlibre.com\/en\/wp-json\/wp\/v2\/media\/532295"}],"wp:attachment":[{"href":"https:\/\/leregardlibre.com\/en\/wp-json\/wp\/v2\/media?parent=532293"}],"wp:term":[{"taxonomy":"category","embeddable":true,"href":"https:\/\/leregardlibre.com\/en\/wp-json\/wp\/v2\/categories?post=532293"},{"taxonomy":"post_tag","embeddable":true,"href":"https:\/\/leregardlibre.com\/en\/wp-json\/wp\/v2\/tags?post=532293"}],"curies":[{"name":"wp","href":"https:\/\/api.w.org\/{rel}","templated":true}]}}