{"id":532301,"date":"2026-04-30T07:30:00","date_gmt":"2026-04-30T05:30:00","guid":{"rendered":"https:\/\/leregardlibre.com\/?p=532301"},"modified":"2026-04-30T19:57:47","modified_gmt":"2026-04-30T17:57:47","slug":"ia-marcel-salathe","status":"publish","type":"post","link":"https:\/\/leregardlibre.com\/en\/sciences\/ia-marcel-salathe\/","title":{"rendered":"How do you keep up with AI?"},"content":{"rendered":"<div class='content_excerpt'>\n<p class=\"has-drop-cap\"><strong><\/strong><strong>Dans sa chronique, l\u2019ancien conseiller f\u00e9d\u00e9ral Pascal Couchepin partage une lecture qui l\u2019a marqu\u00e9. Ce mois-ci, il explore l\u2019intelligence artificielle \u00e0 travers l'essai de <\/strong><strong>Marcel Salath\u00e9<\/strong>.<\/p>\n\n\n\n (more...)\n    <div class='restricted_content_fade'><\/div>\n    <\/div>\n  <style>\n    .content_excerpt{\n      position: relative;\n    }\n    .content_excerpt .restricted_content_fade{\n      position: absolute;\n      bottom: 0;\n      left: 0;\n      right: 0;\n      height: 75px;\n\t  margin-bottom: 0px;\n      background-image: linear-gradient(#ffffff2e, white);\n    }\n\n    .restricted_content{\n      margin-top: 30px;\n      border: solid #dddddd 1px;\n      border-radius: 7px;\n      padding: 30px;\n    }\n    \n    .restricted_content .restricted_content_title{\n      font-size: 22px;\n      font-weight: 600;\n    }\n    .restricted_content .restricted_content_flex_row{\n      display: flex;\n      flex-direction: row;\n    }\n    .restricted_content .restricted_content_image_container{\n      flex: 3;\n    }\n    .restricted_content .restricted_content_flex_column{\n      flex: 4;\n      display: flex;\n      flex-direction: column;\n      margin-left: 40px;\n      justify-content: center;\n    }\n\n\n    .restricted_content_buttons{\n      display: flex;\n      flex-direction: column;\n      width: min-content;\n    }\n    .restricted_content_button{\n      background-color: #f2f2f2;\n      text-transform: uppercase;\n      font-weight: 600;\n      padding: 8px 40px;\n      text-align: center;\n      font-size: 13px;\n      margin-top: 10px;\n      width: max-content;\n      width: 100%;\n      white-space: nowrap;\n    }\n    .restricted_content_button:hover {\n      background-color: #111111;\n      color: white;\n      text-decoration: none !important;\n    }\n\n    .restricted_content_primary_button{\n      background-color: #1F2A68 !important;\n      color: white !important;\n    }\n    .restricted_content_primary_button:hover {\n      background-color: #111111;\n    }\n\n    .restricted_content_text{\n      margin-bottom: 10px;\n      line-height: 1.2;\n      font-weight: 500;\n      font-size: 16px;\n    }\n\n  \n  <\/style>\n  <div class='restricted_content'>\n    <h3 class='restricted_content_title'>This content is reserved for our subscribers.<\/h3>\n    <div class='restricted_content_flex_row'>\n      <div class='restricted_content_image_container'>\n        <img class='restricted_content_image' src='\/wp-content\/uploads\/2025\/08\/abo_physique.png' \/>\n      <\/div>\n      <div class='restricted_content_flex_column'>\n        <div class='restricted_content_text'>If you have an account, please log in. Otherwise, discover our different subscription packages and create an account from CHF 2.50 for the first month.<\/div>\n        <div class='restricted_content_buttons'>\n          <a href='\/en\/subscription\/' class='restricted_content_button restricted_content_primary_button'>See subscriptions<\/a><a href='\/en\/my-account\/?redirect_to=https:\/\/leregardlibre.com\/en\/sciences\/ia-marcel-salathe\/'class='restricted_content_button'>Login<\/a><\/div>\n      <\/div>\n    <\/div>\n  <\/div>","protected":false},"excerpt":{"rendered":"<div class='content_excerpt'>\n<p class=\"has-drop-cap\"><strong><\/strong><strong>In his column, former Federal Councillor Pascal Couchepin shares a piece of reading that has left a lasting impression on him. This month, he explores artificial intelligence through the essay by <\/strong><strong>Marcel Salath\u00e9<\/strong>.<\/p>\n<p> (more...)<\/p>\n<div class='restricted_content_fade'><\/div>\n<\/p><\/div>\n<style>\n    .content_excerpt{\n      position: relative;\n    }\n    .content_excerpt .restricted_content_fade{\n      position: absolute;\n      bottom: 0;\n      left: 0;\n      right: 0;\n      height: 75px;\n\t  margin-bottom: 0px;\n      background-image: linear-gradient(#ffffff2e, white);\n    }<\/p>\n<p>    .restricted_content{\n      margin-top: 30px;\n      border: solid #dddddd 1px;\n      border-radius: 7px;\n      padding: 30px;\n    }<\/p>\n<p>    .restricted_content .restricted_content_title{\n      font-size: 22px;\n      font-weight: 600;\n    }\n    .restricted_content .restricted_content_flex_row{\n      display: flex;\n      flex-direction: row;\n    }\n    .restricted_content .restricted_content_image_container{\n      flex: 3;\n    }\n    .restricted_content .restricted_content_flex_column{\n      flex: 4;\n      display: flex;\n      flex-direction: column;\n      margin-left: 40px;\n      justify-content: center;\n    }<\/p>\n<p>    .restricted_content_buttons{\n      display: flex;\n      flex-direction: column;\n      width: min-content;\n    }\n    .restricted_content_button{\n      background-color: #f2f2f2;\n      text-transform: uppercase;\n      font-weight: 600;\n      padding: 8px 40px;\n      text-align: center;\n      font-size: 13px;\n      margin-top: 10px;\n      width: max-content;\n      width: 100%;\n      white-space: nowrap;\n    }\n    .restricted_content_button:hover {\n      background-color: #111111;\n      color: white;\n      text-decoration: none !important;\n    }<\/p>\n<p>    .restricted_content_primary_button{\n      background-color: #1F2A68 !important;\n      color: white !important;\n    }\n    .restricted_content_primary_button:hover {\n      background-color: #111111;\n    }<\/p>\n<p>    .restricted_content_text{\n      margin-bottom: 10px;\n      line-height: 1.2;\n      font-weight: 500;\n      font-size: 16px;\n    }<\/p>\n<\/style>\n<div class='restricted_content'>\n<h3 class='restricted_content_title'>This content is reserved for our subscribers.<\/h3>\n<div class='restricted_content_flex_row'>\n<div class='restricted_content_image_container'>\n        <img class='restricted_content_image' src='\/wp-content\/uploads\/2025\/08\/abo_physique.png' \/>\n      <\/div>\n<div class='restricted_content_flex_column'>\n<div class='restricted_content_text'>If you have an account, please log in. Otherwise, discover our different subscription packages and create an account from CHF 2.50 for the first month.<\/div>\n<div class='restricted_content_buttons'>\n          <a href='\/en\/subscription\/' class='restricted_content_button restricted_content_primary_button'>See subscriptions<\/a><a href='\/en\/my-account\/?redirect_to=https:\/\/leregardlibre.com\/en\/sciences\/ia-marcel-salathe\/'class='restricted_content_button'>Login<\/a><\/div>\n<\/p><\/div>\n<\/p><\/div>\n<\/p><\/div>","protected":false},"author":11,"featured_media":49518,"comment_status":"open","ping_status":"closed","sticky":false,"template":"","format":"standard","meta":{"_acf_changed":false,"footnotes":""},"categories":[644357651],"tags":[644355830,134004,644343145,4399],"class_list":["post-532301","post","type-post","status-publish","format-standard","has-post-thumbnail","hentry","category-sciences","tag-chroniques","tag-intelligence-artificielle","tag-la-lecture-de-pascal-couchepin","tag-technologie","membership-content","access-restricted"],"acf":[],"yoast_head":"<!-- This site is optimized with the Yoast SEO Premium plugin v27.4 (Yoast SEO v27.4) - https:\/\/yoast.com\/product\/yoast-seo-premium-wordpress\/ -->\n<title>Comment ne pas perdre le nord\u00a0face \u00e0\u00a0l\u2019IA?<\/title>\n<meta name=\"description\" content=\"Chaque mois, Pascal Couchepin partage une lecture qui l\u2019a marqu\u00e9. Ce mois-ci, il explore l\u2019IA \u00e0 travers l&#039;essai de Marcel Salath\u00e9.\" \/>\n<meta name=\"robots\" content=\"index, follow, max-snippet:-1, max-image-preview:large, max-video-preview:-1\" \/>\n<link rel=\"canonical\" href=\"https:\/\/leregardlibre.com\/en\/sciences\/ia-marcel-salathe\/\" \/>\n<meta property=\"og:locale\" content=\"en_US\" \/>\n<meta property=\"og:type\" content=\"article\" \/>\n<meta property=\"og:title\" content=\"Comment ne pas perdre le nord\u00a0face \u00e0\u00a0l\u2019IA?\" \/>\n<meta property=\"og:description\" content=\"Chaque mois, Pascal Couchepin partage une lecture qui l\u2019a marqu\u00e9. Ce mois-ci, il explore l\u2019IA \u00e0 travers l&#039;essai de Marcel Salath\u00e9.\" \/>\n<meta property=\"og:url\" content=\"https:\/\/leregardlibre.com\/en\/sciences\/ia-marcel-salathe\/\" \/>\n<meta property=\"og:site_name\" content=\"Le Regard Libre\" \/>\n<meta property=\"article:publisher\" content=\"https:\/\/www.facebook.com\/leregardlibre\/\" \/>\n<meta property=\"article:published_time\" content=\"2026-04-30T05:30:00+00:00\" \/>\n<meta property=\"article:modified_time\" content=\"2026-04-30T17:57:47+00:00\" \/>\n<meta property=\"og:image\" content=\"https:\/\/leregardlibre.com\/wp-content\/uploads\/2021\/07\/Pascal-Couchepin-\u00a9-Nathanae\u0308l-Schmid-pour-Le-Regard-Libre-1024x576.png\" \/>\n\t<meta property=\"og:image:width\" content=\"1024\" \/>\n\t<meta property=\"og:image:height\" content=\"576\" \/>\n\t<meta property=\"og:image:type\" content=\"image\/png\" \/>\n<meta name=\"author\" content=\"Pascal Couchepin\" \/>\n<meta name=\"twitter:card\" content=\"summary_large_image\" \/>\n<meta name=\"twitter:creator\" content=\"@LeRegardLibre\" \/>\n<meta name=\"twitter:site\" content=\"@LeRegardLibre\" \/>\n<meta name=\"twitter:label1\" content=\"Written by\" \/>\n\t<meta name=\"twitter:data1\" content=\"Pascal Couchepin\" \/>\n\t<meta name=\"twitter:label2\" content=\"Est. reading time\" \/>\n\t<meta name=\"twitter:data2\" content=\"4 minutes\" \/>\n<script type=\"application\/ld+json\" class=\"yoast-schema-graph\">{\"@context\":\"https:\\\/\\\/schema.org\",\"@graph\":[{\"@type\":\"Article\",\"@id\":\"https:\\\/\\\/leregardlibre.com\\\/sciences\\\/ia-marcel-salathe\\\/#article\",\"isPartOf\":{\"@id\":\"https:\\\/\\\/leregardlibre.com\\\/sciences\\\/ia-marcel-salathe\\\/\"},\"author\":{\"name\":\"Pascal Couchepin\",\"@id\":\"https:\\\/\\\/leregardlibre.com\\\/#\\\/schema\\\/person\\\/d0e91dbb5116a614318b7ad0e6dd3730\"},\"headline\":\"Comment ne pas perdre le nord\u00a0face \u00e0\u00a0l\u2019IA?\",\"datePublished\":\"2026-04-30T05:30:00+00:00\",\"dateModified\":\"2026-04-30T17:57:47+00:00\",\"mainEntityOfPage\":{\"@id\":\"https:\\\/\\\/leregardlibre.com\\\/sciences\\\/ia-marcel-salathe\\\/\"},\"wordCount\":695,\"commentCount\":0,\"publisher\":{\"@id\":\"https:\\\/\\\/leregardlibre.com\\\/#organization\"},\"image\":{\"@id\":\"https:\\\/\\\/leregardlibre.com\\\/sciences\\\/ia-marcel-salathe\\\/#primaryimage\"},\"thumbnailUrl\":\"https:\\\/\\\/leregardlibre.com\\\/wp-content\\\/uploads\\\/2021\\\/07\\\/Pascal-Couchepin-\u00a9-Nathanae\u0308l-Schmid-pour-Le-Regard-Libre.png\",\"keywords\":[\"Chronique\",\"Intelligence artificielle\",\"La lecture de Pascal Couchepin\",\"Technologie\"],\"articleSection\":[\"Sciences\"],\"inLanguage\":\"en-US\",\"potentialAction\":[{\"@type\":\"CommentAction\",\"name\":\"Comment\",\"target\":[\"https:\\\/\\\/leregardlibre.com\\\/sciences\\\/ia-marcel-salathe\\\/#respond\"]}]},{\"@type\":\"WebPage\",\"@id\":\"https:\\\/\\\/leregardlibre.com\\\/sciences\\\/ia-marcel-salathe\\\/\",\"url\":\"https:\\\/\\\/leregardlibre.com\\\/sciences\\\/ia-marcel-salathe\\\/\",\"name\":\"Comment ne pas perdre le nord\u00a0face \u00e0\u00a0l\u2019IA?\",\"isPartOf\":{\"@id\":\"https:\\\/\\\/leregardlibre.com\\\/#website\"},\"primaryImageOfPage\":{\"@id\":\"https:\\\/\\\/leregardlibre.com\\\/sciences\\\/ia-marcel-salathe\\\/#primaryimage\"},\"image\":{\"@id\":\"https:\\\/\\\/leregardlibre.com\\\/sciences\\\/ia-marcel-salathe\\\/#primaryimage\"},\"thumbnailUrl\":\"https:\\\/\\\/leregardlibre.com\\\/wp-content\\\/uploads\\\/2021\\\/07\\\/Pascal-Couchepin-\u00a9-Nathanae\u0308l-Schmid-pour-Le-Regard-Libre.png\",\"datePublished\":\"2026-04-30T05:30:00+00:00\",\"dateModified\":\"2026-04-30T17:57:47+00:00\",\"description\":\"Chaque mois, Pascal Couchepin partage une lecture qui l\u2019a marqu\u00e9. Ce mois-ci, il explore l\u2019IA \u00e0 travers l'essai de Marcel Salath\u00e9.\",\"breadcrumb\":{\"@id\":\"https:\\\/\\\/leregardlibre.com\\\/sciences\\\/ia-marcel-salathe\\\/#breadcrumb\"},\"inLanguage\":\"en-US\",\"potentialAction\":[{\"@type\":\"ReadAction\",\"target\":[\"https:\\\/\\\/leregardlibre.com\\\/sciences\\\/ia-marcel-salathe\\\/\"]}]},{\"@type\":\"ImageObject\",\"inLanguage\":\"en-US\",\"@id\":\"https:\\\/\\\/leregardlibre.com\\\/sciences\\\/ia-marcel-salathe\\\/#primaryimage\",\"url\":\"https:\\\/\\\/leregardlibre.com\\\/wp-content\\\/uploads\\\/2021\\\/07\\\/Pascal-Couchepin-\u00a9-Nathanae\u0308l-Schmid-pour-Le-Regard-Libre.png\",\"contentUrl\":\"https:\\\/\\\/leregardlibre.com\\\/wp-content\\\/uploads\\\/2021\\\/07\\\/Pascal-Couchepin-\u00a9-Nathanae\u0308l-Schmid-pour-Le-Regard-Libre.png\",\"width\":1920,\"height\":1080,\"caption\":\"L\u2019ancien conseiller f\u00e9d\u00e9ral Pascal Couchepin. Dessin de Nathanae\u0308l Schmid\"},{\"@type\":\"BreadcrumbList\",\"@id\":\"https:\\\/\\\/leregardlibre.com\\\/sciences\\\/ia-marcel-salathe\\\/#breadcrumb\",\"itemListElement\":[{\"@type\":\"ListItem\",\"position\":1,\"name\":\"Accueil\",\"item\":\"https:\\\/\\\/leregardlibre.com\\\/\"},{\"@type\":\"ListItem\",\"position\":2,\"name\":\"Comment ne pas perdre le nord\u00a0face \u00e0\u00a0l\u2019IA?\"}]},{\"@type\":\"WebSite\",\"@id\":\"https:\\\/\\\/leregardlibre.com\\\/#website\",\"url\":\"https:\\\/\\\/leregardlibre.com\\\/\",\"name\":\"Le Regard Libre\",\"description\":\"Premier mensuel suisse de d\u00e9bat\",\"publisher\":{\"@id\":\"https:\\\/\\\/leregardlibre.com\\\/#organization\"},\"potentialAction\":[{\"@type\":\"SearchAction\",\"target\":{\"@type\":\"EntryPoint\",\"urlTemplate\":\"https:\\\/\\\/leregardlibre.com\\\/?s={search_term_string}\"},\"query-input\":{\"@type\":\"PropertyValueSpecification\",\"valueRequired\":true,\"valueName\":\"search_term_string\"}}],\"inLanguage\":\"en-US\"},{\"@type\":\"Organization\",\"@id\":\"https:\\\/\\\/leregardlibre.com\\\/#organization\",\"name\":\"Le Regard Libre\",\"url\":\"https:\\\/\\\/leregardlibre.com\\\/\",\"logo\":{\"@type\":\"ImageObject\",\"inLanguage\":\"en-US\",\"@id\":\"https:\\\/\\\/leregardlibre.com\\\/#\\\/schema\\\/logo\\\/image\\\/\",\"url\":\"https:\\\/\\\/leregardlibre.com\\\/wp-content\\\/uploads\\\/2025\\\/08\\\/logo-rl-icone-neg.jpeg\",\"contentUrl\":\"https:\\\/\\\/leregardlibre.com\\\/wp-content\\\/uploads\\\/2025\\\/08\\\/logo-rl-icone-neg.jpeg\",\"width\":557,\"height\":556,\"caption\":\"Le Regard Libre\"},\"image\":{\"@id\":\"https:\\\/\\\/leregardlibre.com\\\/#\\\/schema\\\/logo\\\/image\\\/\"},\"sameAs\":[\"https:\\\/\\\/www.facebook.com\\\/leregardlibre\\\/\",\"https:\\\/\\\/x.com\\\/LeRegardLibre\",\"https:\\\/\\\/www.linkedin.com\\\/company\\\/le-regard-libre\",\"https:\\\/\\\/www.instagram.com\\\/leregardlibre\\\/\",\"http:\\\/\\\/t.me\\\/leregardlibre\",\"https:\\\/\\\/youtube.com\\\/channel\\\/UC6HzGPomj1LsUmlz-sJtITQ\"],\"description\":\"Le Regard Libre est un mensuel suisse de d\u00e9bat intellectuel et culturel. Sa r\u00e9daction est jeune, b\u00e9n\u00e9vole, lib\u00e9rale et pluraliste. Le magazine para\u00eet en ligne et sous forme papier. Sa langue est le fran\u00e7ais.\",\"email\":\"redaction@leregardlibre.com\",\"legalName\":\"Le Regard Libre\",\"foundingDate\":\"2014-01-01\",\"numberOfEmployees\":{\"@type\":\"QuantitativeValue\",\"minValue\":\"11\",\"maxValue\":\"50\"},\"publishingPrinciples\":\"https:\\\/\\\/leregardlibre.com\\\/a-propos\\\/notre-manifeste\\\/\",\"ownershipFundingInfo\":\"https:\\\/\\\/leregardlibre.com\\\/mentions-legales\\\/\",\"actionableFeedbackPolicy\":\"https:\\\/\\\/leregardlibre.com\\\/conditions-generales-de-vente\\\/\"},{\"@type\":\"Person\",\"@id\":\"https:\\\/\\\/leregardlibre.com\\\/#\\\/schema\\\/person\\\/d0e91dbb5116a614318b7ad0e6dd3730\",\"name\":\"Pascal Couchepin\",\"image\":{\"@type\":\"ImageObject\",\"inLanguage\":\"en-US\",\"@id\":\"https:\\\/\\\/secure.gravatar.com\\\/avatar\\\/6cbd02606fe5d08eb4b3284e29b3b7cfc1df5cc09483e27d7f871a60982758c5?s=96&d=identicon&r=g\",\"url\":\"https:\\\/\\\/secure.gravatar.com\\\/avatar\\\/6cbd02606fe5d08eb4b3284e29b3b7cfc1df5cc09483e27d7f871a60982758c5?s=96&d=identicon&r=g\",\"contentUrl\":\"https:\\\/\\\/secure.gravatar.com\\\/avatar\\\/6cbd02606fe5d08eb4b3284e29b3b7cfc1df5cc09483e27d7f871a60982758c5?s=96&d=identicon&r=g\",\"caption\":\"Pascal Couchepin\"},\"sameAs\":[\"https:\\\/\\\/fr.wikipedia.org\\\/wiki\\\/Pascal_Couchepin\"],\"url\":\"https:\\\/\\\/leregardlibre.com\\\/en\\\/author\\\/pascal-couchepin\\\/\"}]}<\/script>\n<!-- \/ Yoast SEO Premium plugin. -->","yoast_head_json":{"title":"How do you keep up with AI?","description":"Every month, Pascal Couchepin shares a piece of reading that has made an impression on him. This month, he explores AI through Marcel Salath\u00e9's essay.","robots":{"index":"index","follow":"follow","max-snippet":"max-snippet:-1","max-image-preview":"max-image-preview:large","max-video-preview":"max-video-preview:-1"},"canonical":"https:\/\/leregardlibre.com\/en\/sciences\/ia-marcel-salathe\/","og_locale":"en_US","og_type":"article","og_title":"Comment ne pas perdre le nord\u00a0face \u00e0\u00a0l\u2019IA?","og_description":"Chaque mois, Pascal Couchepin partage une lecture qui l\u2019a marqu\u00e9. Ce mois-ci, il explore l\u2019IA \u00e0 travers l'essai de Marcel Salath\u00e9.","og_url":"https:\/\/leregardlibre.com\/en\/sciences\/ia-marcel-salathe\/","og_site_name":"Le Regard Libre","article_publisher":"https:\/\/www.facebook.com\/leregardlibre\/","article_published_time":"2026-04-30T05:30:00+00:00","article_modified_time":"2026-04-30T17:57:47+00:00","og_image":[{"width":1024,"height":576,"url":"https:\/\/leregardlibre.com\/wp-content\/uploads\/2021\/07\/Pascal-Couchepin-\u00a9-Nathanae\u0308l-Schmid-pour-Le-Regard-Libre-1024x576.png","type":"image\/png"}],"author":"Pascal Couchepin","twitter_card":"summary_large_image","twitter_creator":"@LeRegardLibre","twitter_site":"@LeRegardLibre","twitter_misc":{"Written by":"Pascal Couchepin","Est. reading time":"4 minutes"},"schema":{"@context":"https:\/\/schema.org","@graph":[{"@type":"Article","@id":"https:\/\/leregardlibre.com\/sciences\/ia-marcel-salathe\/#article","isPartOf":{"@id":"https:\/\/leregardlibre.com\/sciences\/ia-marcel-salathe\/"},"author":{"name":"Pascal Couchepin","@id":"https:\/\/leregardlibre.com\/#\/schema\/person\/d0e91dbb5116a614318b7ad0e6dd3730"},"headline":"Comment ne pas perdre le nord\u00a0face \u00e0\u00a0l\u2019IA?","datePublished":"2026-04-30T05:30:00+00:00","dateModified":"2026-04-30T17:57:47+00:00","mainEntityOfPage":{"@id":"https:\/\/leregardlibre.com\/sciences\/ia-marcel-salathe\/"},"wordCount":695,"commentCount":0,"publisher":{"@id":"https:\/\/leregardlibre.com\/#organization"},"image":{"@id":"https:\/\/leregardlibre.com\/sciences\/ia-marcel-salathe\/#primaryimage"},"thumbnailUrl":"https:\/\/leregardlibre.com\/wp-content\/uploads\/2021\/07\/Pascal-Couchepin-\u00a9-Nathanae\u0308l-Schmid-pour-Le-Regard-Libre.png","keywords":["Chronique","Intelligence artificielle","La lecture de Pascal Couchepin","Technologie"],"articleSection":["Sciences"],"inLanguage":"en-US","potentialAction":[{"@type":"CommentAction","name":"Comment","target":["https:\/\/leregardlibre.com\/sciences\/ia-marcel-salathe\/#respond"]}]},{"@type":"WebPage","@id":"https:\/\/leregardlibre.com\/sciences\/ia-marcel-salathe\/","url":"https:\/\/leregardlibre.com\/sciences\/ia-marcel-salathe\/","name":"How do you keep up with AI?","isPartOf":{"@id":"https:\/\/leregardlibre.com\/#website"},"primaryImageOfPage":{"@id":"https:\/\/leregardlibre.com\/sciences\/ia-marcel-salathe\/#primaryimage"},"image":{"@id":"https:\/\/leregardlibre.com\/sciences\/ia-marcel-salathe\/#primaryimage"},"thumbnailUrl":"https:\/\/leregardlibre.com\/wp-content\/uploads\/2021\/07\/Pascal-Couchepin-\u00a9-Nathanae\u0308l-Schmid-pour-Le-Regard-Libre.png","datePublished":"2026-04-30T05:30:00+00:00","dateModified":"2026-04-30T17:57:47+00:00","description":"Every month, Pascal Couchepin shares a piece of reading that has made an impression on him. This month, he explores AI through Marcel Salath\u00e9's essay.","breadcrumb":{"@id":"https:\/\/leregardlibre.com\/sciences\/ia-marcel-salathe\/#breadcrumb"},"inLanguage":"en-US","potentialAction":[{"@type":"ReadAction","target":["https:\/\/leregardlibre.com\/sciences\/ia-marcel-salathe\/"]}]},{"@type":"ImageObject","inLanguage":"en-US","@id":"https:\/\/leregardlibre.com\/sciences\/ia-marcel-salathe\/#primaryimage","url":"https:\/\/leregardlibre.com\/wp-content\/uploads\/2021\/07\/Pascal-Couchepin-\u00a9-Nathanae\u0308l-Schmid-pour-Le-Regard-Libre.png","contentUrl":"https:\/\/leregardlibre.com\/wp-content\/uploads\/2021\/07\/Pascal-Couchepin-\u00a9-Nathanae\u0308l-Schmid-pour-Le-Regard-Libre.png","width":1920,"height":1080,"caption":"L\u2019ancien conseiller f\u00e9d\u00e9ral Pascal Couchepin. Dessin de Nathanae\u0308l Schmid"},{"@type":"BreadcrumbList","@id":"https:\/\/leregardlibre.com\/sciences\/ia-marcel-salathe\/#breadcrumb","itemListElement":[{"@type":"ListItem","position":1,"name":"Accueil","item":"https:\/\/leregardlibre.com\/"},{"@type":"ListItem","position":2,"name":"Comment ne pas perdre le nord\u00a0face \u00e0\u00a0l\u2019IA?"}]},{"@type":"WebSite","@id":"https:\/\/leregardlibre.com\/#website","url":"https:\/\/leregardlibre.com\/","name":"Le Regard Libre","description":"Switzerland's first monthly debate magazine","publisher":{"@id":"https:\/\/leregardlibre.com\/#organization"},"potentialAction":[{"@type":"SearchAction","target":{"@type":"EntryPoint","urlTemplate":"https:\/\/leregardlibre.com\/?s={search_term_string}"},"query-input":{"@type":"PropertyValueSpecification","valueRequired":true,"valueName":"search_term_string"}}],"inLanguage":"en-US"},{"@type":"Organization","@id":"https:\/\/leregardlibre.com\/#organization","name":"Le Regard Libre","url":"https:\/\/leregardlibre.com\/","logo":{"@type":"ImageObject","inLanguage":"en-US","@id":"https:\/\/leregardlibre.com\/#\/schema\/logo\/image\/","url":"https:\/\/leregardlibre.com\/wp-content\/uploads\/2025\/08\/logo-rl-icone-neg.jpeg","contentUrl":"https:\/\/leregardlibre.com\/wp-content\/uploads\/2025\/08\/logo-rl-icone-neg.jpeg","width":557,"height":556,"caption":"Le Regard Libre"},"image":{"@id":"https:\/\/leregardlibre.com\/#\/schema\/logo\/image\/"},"sameAs":["https:\/\/www.facebook.com\/leregardlibre\/","https:\/\/x.com\/LeRegardLibre","https:\/\/www.linkedin.com\/company\/le-regard-libre","https:\/\/www.instagram.com\/leregardlibre\/","http:\/\/t.me\/leregardlibre","https:\/\/youtube.com\/channel\/UC6HzGPomj1LsUmlz-sJtITQ"],"description":"Le Regard Libre is a Swiss monthly magazine for intellectual and cultural debate. Its editorial team is young, voluntary, liberal and pluralist. The magazine appears online and in print. Its language is French.","email":"redaction@leregardlibre.com","legalName":"Le Regard Libre","foundingDate":"2014-01-01","numberOfEmployees":{"@type":"QuantitativeValue","minValue":"11","maxValue":"50"},"publishingPrinciples":"https:\/\/leregardlibre.com\/a-propos\/notre-manifeste\/","ownershipFundingInfo":"https:\/\/leregardlibre.com\/mentions-legales\/","actionableFeedbackPolicy":"https:\/\/leregardlibre.com\/conditions-generales-de-vente\/"},{"@type":"Person","@id":"https:\/\/leregardlibre.com\/#\/schema\/person\/d0e91dbb5116a614318b7ad0e6dd3730","name":"Pascal Couchepin","image":{"@type":"ImageObject","inLanguage":"en-US","@id":"https:\/\/secure.gravatar.com\/avatar\/6cbd02606fe5d08eb4b3284e29b3b7cfc1df5cc09483e27d7f871a60982758c5?s=96&d=identicon&r=g","url":"https:\/\/secure.gravatar.com\/avatar\/6cbd02606fe5d08eb4b3284e29b3b7cfc1df5cc09483e27d7f871a60982758c5?s=96&d=identicon&r=g","contentUrl":"https:\/\/secure.gravatar.com\/avatar\/6cbd02606fe5d08eb4b3284e29b3b7cfc1df5cc09483e27d7f871a60982758c5?s=96&d=identicon&r=g","caption":"Pascal Couchepin"},"sameAs":["https:\/\/fr.wikipedia.org\/wiki\/Pascal_Couchepin"],"url":"https:\/\/leregardlibre.com\/en\/author\/pascal-couchepin\/"}]}},"_links":{"self":[{"href":"https:\/\/leregardlibre.com\/en\/wp-json\/wp\/v2\/posts\/532301","targetHints":{"allow":["GET"]}}],"collection":[{"href":"https:\/\/leregardlibre.com\/en\/wp-json\/wp\/v2\/posts"}],"about":[{"href":"https:\/\/leregardlibre.com\/en\/wp-json\/wp\/v2\/types\/post"}],"author":[{"embeddable":true,"href":"https:\/\/leregardlibre.com\/en\/wp-json\/wp\/v2\/users\/11"}],"replies":[{"embeddable":true,"href":"https:\/\/leregardlibre.com\/en\/wp-json\/wp\/v2\/comments?post=532301"}],"version-history":[{"count":6,"href":"https:\/\/leregardlibre.com\/en\/wp-json\/wp\/v2\/posts\/532301\/revisions"}],"predecessor-version":[{"id":532312,"href":"https:\/\/leregardlibre.com\/en\/wp-json\/wp\/v2\/posts\/532301\/revisions\/532312"}],"wp:featuredmedia":[{"embeddable":true,"href":"https:\/\/leregardlibre.com\/en\/wp-json\/wp\/v2\/media\/49518"}],"wp:attachment":[{"href":"https:\/\/leregardlibre.com\/en\/wp-json\/wp\/v2\/media?parent=532301"}],"wp:term":[{"taxonomy":"category","embeddable":true,"href":"https:\/\/leregardlibre.com\/en\/wp-json\/wp\/v2\/categories?post=532301"},{"taxonomy":"post_tag","embeddable":true,"href":"https:\/\/leregardlibre.com\/en\/wp-json\/wp\/v2\/tags?post=532301"}],"curies":[{"name":"wp","href":"https:\/\/api.w.org\/{rel}","templated":true}]}}