{"id":532306,"date":"2026-05-01T12:00:00","date_gmt":"2026-05-01T10:00:00","guid":{"rendered":"https:\/\/leregardlibre.com\/?p=532306"},"modified":"2026-05-01T12:11:33","modified_gmt":"2026-05-01T10:11:33","slug":"conservative-libertarians","status":"publish","type":"post","link":"https:\/\/leregardlibre.com\/en\/history\/conservative-libertarians\/","title":{"rendered":"The libertarian pact with conservatives"},"content":{"rendered":"<p class=\"has-drop-cap\"><strong>The American libertarian movement, led by Murray Rothbard, has moved away from dogmatic anti-statism to ally itself with the populist right. A trajectory that poses a central question for liberals: how far to ally oneself without denying oneself?<\/strong><\/p>\n\n\n\n<!--more-->\n\n\n\n<p>In recent years, libertarian ideas have gained new visibility. The election of Javier Milei in Argentina, the role played by certain Silicon Valley figures and the debates sparked by Trumpism have all helped to put this current back at the heart of discussions on the future of liberalism. Yet the intellectual history of libertarianism reveals a complex evolution, marked by sometimes paradoxical political alliances.<\/p>\n\n\n\n<p>One of the leading thinkers in this movement is the American economist and philosopher Murray Rothbard (1926-1995). A disciple of the Austrian school of economics and one of its major theorists, the Austrian-American economist Ludwig von Mises, Rothbard radicalized the principles of the classical liberals. Where the latter defended a minimal state, limited to the regalian functions of defense, police and justice, Rothbard went one step further: he advocated the pure and simple disappearance of the state. According to this theory, often referred to as anarcho-capitalism, any public constraint constitutes an infringement of the individual's natural rights.<\/p>\n\n\n\n<h2 class=\"wp-block-heading\" id=\"h-tradition-des-droits-naturels-de-locke\"><strong>Locke's natural rights tradition<\/strong><\/h2>\n\n\n\n<p>At the heart of this philosophy lies a central idea: the absolute sovereignty of the individual. From this perspective, private property is a fundamental right, and any form of taxation becomes spoliation. Taxation, in any form, is seen as a violation of property rights, theft pure and simple. The role of the state can therefore never be justified. This radicalization profoundly distinguishes Rothbard from the great representatives of twentieth-century liberalism.<sup>th<\/sup>\u00a0century. Authors such as Friedrich Hayek \u2013 also from the Austrian tradition \u2013 or Milton Friedman \u2013 the inspiration behind monetarism \u2013 remained committed to the idea of a minimal state.<\/p>\n\n\n\n<p>This divergence is not just about the role of the state. It also concerns the way in which capitalism is justified. Classical liberal economists often adopted a utilitarian approach: the market is preferable because it works better and produces more wealth. Rothbard, on the other hand, took his cue from the natural rights tradition inherited from John Locke. Capitalism is not only moral because it is efficient: it is also moral because it does not violate the inalienable rights of the individual.<\/p>\n\n\n\n<p>From this vision stems what libertarians call the \u00abnon-aggression principle\u00bb: no one should suffer coercion or violence, including from the state. This idea nurtures a strong isolationist tradition within American libertarianism. War and foreign intervention are considered violations of individual rights.<\/p>\n\n\n\n<h2 class=\"wp-block-heading\" id=\"h-des-alliances-politiques-changeantes\"><strong>Shifting political alliances<\/strong><\/h2>\n\n\n\n<p>While libertarian doctrine is radically coherent, its political history is much more fluid. In the 1960s, some American libertarians joined forces with the radical left. Opposition to the Vietnam War, criticism of the state and the defense of certain individual freedoms brought these activists together with protest movements, some of them far removed from traditional liberalism.<\/p>\n\n\n\n<p>Rothbard himself supported a number of American radical leftists and adopted positions highly critical of US foreign policy. Hostility to military intervention was the main point of convergence. But from the 1970s onwards, the tide began to turn. Rothbard and some of the libertarians gradually broke with the left to seek alliances with the conservative right. This strategic shift was fully theorized in the 1990s.<\/p>\n\n\n\n<p>The central idea is simple: if libertarianism is to carry weight politically, it needs to break out of academic circles and appeal to the American middle classes, especially the white ones. Hayek and Mises didn't believe in an overnight shift to a liberal society, and thought they had to win the war of ideas first. Rothbard, on the other hand, opted for a \u00abpopulist\u00bb strategy, as he himself called it.<\/p>\n\n\n\n<form method=\"post\" action=\"https:\/\/newsletter.infomaniak.com\/external\/submit\" class=\"inf-form\" target=\"_blank\"><input type=\"email\" name=\"email\" style=\"display:none\" \/><input type=\"hidden\" name=\"key\"\nvalue=\"eyJpdiI6IlZXRVJGMlRGQUU2alNqUE81bitIUk5adnNVa0c4MllFTStzOHdHT1FQZ3c9IiwidmFsdWUiOiJIYzhwMUVCK1pTNnlhY3MyMmhuZlhReWJqemEwNk93blMxTjFHc0s2VHZrPSIsIm1hYyI6ImVhYTQ5N2I1M2NiYWE4NzBmNjk2NzgzYjliM2Y5NmYzM2E2ZmU3NGQxNTU1ZDFkMTU1MzY5NTdjYjE3ZTJmNTUifQ==\"><input type=\"hidden\" name=\"webform_id\" value=\"7291\"><style> .inf-main_3000311ca56a1cb93397bc676c0b7fff{ background-color:#f5f5f5;\npadding:25px 20px; margin:25px auto; } .inf-main_3000311ca56a1cb93397bc676c0b7fff .inf-content { margin-top:13px;} .inf-main_3000311ca56a1cb93397bc676c0b7fff h4, .inf-main_3000311ca56a1cb93397bc676c0b7fff span, .inf-\nmain_3000311ca56a1cb93397bc676c0b7fff label, .inf-main_3000311ca56a1cb93397bc676c0b7fff input, .inf-main_3000311ca56a1cb93397bc676c0b7fff .inf-submit, .inf-main_3000311ca56a1cb93397bc676c0b7fff .inf-success p a { color:#555555; font-\nsize:14px; } .inf-main_3000311ca56a1cb93397bc676c0b7fff h4{ font-size:18px; margin:0px 0px 13px 0px; } .inf-main_3000311ca56a1cb93397bc676c0b7fff h4, .inf-main_3000311ca56a1cb93397bc676c0b7fff label{ font-weight:bold; } .inf-\nmain_3000311ca56a1cb93397bc676c0b7fff .inf-input { margin-bottom:7px; } .inf-main_3000311ca56a1cb93397bc676c0b7fff label { display:block;} .inf-main_3000311ca56a1cb93397bc676c0b7fff input{ height:35px; color:#999999; border: 1px solid\n#E9E9E9; border:none; padding-left:7px; } .inf-main_3000311ca56a1cb93397bc676c0b7fff .inf-input.inf-error label, .inf-main_3000311ca56a1cb93397bc676c0b7fff .inf-input.inf-error span.inf-message{ color: #cc0033; } .inf-\nmain_3000311ca56a1cb93397bc676c0b7fff .inf-input.inf-error input{ border: 1px solid #cc0033; } .inf-main_3000311ca56a1cb93397bc676c0b7fff .inf-input input { width:100%;} .inf-main_3000311ca56a1cb93397bc676c0b7fff .inf-input.inf-error\nspan.inf-message { display: block; } .inf-main_3000311ca56a1cb93397bc676c0b7fff .inf-submit { text-align:right;} .inf-main_3000311ca56a1cb93397bc676c0b7fff .inf-submit input{ background-color:#777777; color:#ffffff; border:none; font-weight:\nnormal; height:auto; padding:7px; } .inf-main_3000311ca56a1cb93397bc676c0b7fff .inf-submit input.disabled{ opacity: 0.4; } .inf-btn { color: rgb(85, 85, 85); border: medium none; font-weight: normal; height: auto; padding: 7px; display: inline-block;\nbackground-color: white; box-shadow: 0px 1px 1px rgba(0, 0, 0, 0.24); border-radius: 2px; line-height: 1em; } .inf-rgpd { margin:25px 0px 15px 0px; color:#555555; } <\/style> <div class=\"inf-main_3000311ca56a1cb93397bc676c0b7fff\">\n<h4>NEWSLETTER DU REGARD LIBRE<\/h4> <span>Receive our articles every Sunday.<\/span> <div class=\"inf-success\" style=\"display:none\"> <h4>Your subscription to our weekly newsletter has been successfully registered!<\/h4> <p>\n<a href=\"#\" class=\"inf-btn\">\u00ab<\/a> <\/p> <\/div> <div class=\"inf-content\"> <div class=\"inf-input inf-input-text\"> <input type=\"text\" name=\"inf[1]\" data-inf-meta = \"1\" data-inf-error = \"Merci de renseigner une adresse email\" required=\"required\"\nplaceholder=\"Email\" > <\/div> <div class=\"inf-submit\"> <input type=\"submit\" name=\"\" value=\"Sign up\"> <\/div> <\/div> <\/div> <\/form>\n\n\n\n<p>For him, winning power required a discourse capable of mobilizing part of the electorate against the political, bureaucratic and intellectual elites. This strategy is explicitly inspired by tried and tested political methods, including those of the Communists and the Nazis. For example, Rothbard understood perfectly well that the demand for security was very strong in the United States, and so he began defending the right of the police to shoot at just about anything that moves \u2013 which is not very obvious to a liberal.<\/p>\n\n\n\n<h2 class=\"wp-block-heading\" id=\"h-le-tournant-populiste\"><strong>The populist turn<\/strong><\/h2>\n\n\n\n<p>This strategy was particularly evident during the 1992 U.S. presidential campaign, when Rothbard supported the candidacy of conservative Pat Buchanan in the Republican primaries. Buchanan developed a nationalist, populist rhetoric that in some ways foreshadowed the Trumpist rhetoric of the following decades.<\/p>\n\n\n\n<p>This moment marks an important stage in the evolution of part of the libertarian movement. From then on, some libertarians sought to articulate their economic ideas with the cultural and identity-based discourse of the populist right.<\/p>\n\n\n\n<p>This orientation has been reinforced by several subsequent political episodes. The Tea Party movement, starting in 2008, and then Donald Trump's elections in 2016 and 2024 illustrate the emergence of new political coalitions in the United States. In these movements, libertarian themes \u2013 hostility to taxation, criticism of bureaucracy, defense of the market \u2013 are sometimes combined with conservative or nationalist positions.<\/p>\n\n\n\n<p>Today, this evolution is still evident in certain alliances. A number of Silicon Valley figures, such as Peter Thiel and Elon Musk, claim to be part of the libertarian heritage, while at the same time supporting political projects close to the populist right.<\/p>\n\n\n\n<h2 class=\"wp-block-heading\" id=\"h-une-tension-au-coeur-du-libertarianisme\"><strong>Tension at the heart of libertarianism<\/strong><\/h2>\n\n\n\n<p>However, this development raises a fundamental question: are these alliances still compatible with the principles of liberalism? Libertarianism theoretically rests on three pillars: economic freedom, individual liberty and isolationism in foreign policy. However, some of the positions adopted by these new alliances may conflict with these principles.<\/p>\n\n\n\n<p>The question of immigration, for example, poses an obvious problem. A doctrine based on individual freedom should logically defend the free movement of people. Yet some libertarians today justify restrictive migration policies in the name of property rights \u2013 usually individual rights, but in this case extended to nations \u2013 or the protection of local communities.<\/p>\n\n\n\n<p>The abortion debate also illustrates these tensions. If the individual is sovereign over his or her own body, how can a ban on abortion be justified? Faced with this difficulty, some libertarians propose transferring the decision to the individual states, in order to avoid an overly clear-cut position.<\/p>\n\n\n\n<p>The current debate surrounding American libertarians thus illustrates a permanent tension in the history of liberalism: how can fidelity to principles be reconciled with political effectiveness? The question remains open. But one thing is certain: the alliances that liberals forge are never neutral. They shape the way their ideas are transformed \u2013 and sometimes deformed \u2013 by political reality. For when a movement calls into question the principles of political liberalism, such as the rule of law, the separation of powers or individual freedom, its compatibility with liberalism becomes questionable, to say the least.<\/p>\n\n\n\n<p><em>This text is a summarized version by\u00a0<\/em>Le Regard Libre<em>\u00a0from J\u00e9r\u00f4me Perrier's February lecture at the Journ\u00e9e lib\u00e9rale romande in Lausanne. J\u00e9r\u00f4me Perrier, who holds an agr\u00e9gation in history and a doctorate in history from the Institut d'\u00e9tudes politiques (IEP) in Paris, is the author of \u00abLe d\u00e9tournement populiste du courant libertarien\u00bb, published last year in two volumes by the Fondation politique pour l'innovation (Fondapol).<\/em><\/p>\n\n\n\n<h6 class=\"wp-block-heading\" id=\"h-vous-venez-de-lire-une-analyse-en-libre-acces-tiree-de-notre-dossier-quelles-alliances-pour-les-liberaux-publie-dans-notre-edition-papier-le-regard-libre-nbsp-n-125-debats-analyses-actualites-culturelles-nbsp-abonnez-vous-nbsp-a-notre-media-de-reflexion-pour-nous-soutenir-et-avoir-acces-a-tous-nos-contenus\">You have just read an open-access analysis from our dossier \u00abWhat alliances for liberals?\u00bb, published in our print edition (<a href=\"https:\/\/leregardlibre.com\/en\/cpt-editions\/le-regard-libre-125-liberaux\/\"><em>THE FREE LOOK&nbsp;<\/em>N\u00b0125<\/a>). Debates, analyses, cultural news:&nbsp;<a href=\"https:\/\/leregardlibre.com\/en\/subscription\/\">subscribe<\/a>&nbsp;to support us and access all our content.<\/h6>","protected":false},"excerpt":{"rendered":"<p>The American libertarian movement, led by Murray Rothbard, has moved away from dogmatic anti-statism to ally itself with the populist right. A trajectory that poses a central question for liberals: how far to ally oneself without denying oneself?\u00a0<\/p>","protected":false},"author":1261,"featured_media":532307,"comment_status":"open","ping_status":"closed","sticky":false,"template":"","format":"standard","meta":{"_acf_changed":false,"footnotes":""},"categories":[27785],"tags":[9472,453465,699,644358388,33225,644358352,535111],"class_list":["post-532306","post","type-post","status-publish","format-standard","has-post-thumbnail","hentry","category-histoire","tag-analyses","tag-conservatisme","tag-etats-unis","tag-friedrich-hayek","tag-liberalisme","tag-libertarianisme","tag-murray-rothbard"],"acf":[],"yoast_head":"<!-- This site is optimized with the Yoast SEO Premium plugin v27.4 (Yoast SEO v27.4) - https:\/\/yoast.com\/product\/yoast-seo-premium-wordpress\/ -->\n<title>Le pacte des libertariens avec les conservateurs<\/title>\n<meta name=\"description\" content=\"Le libertarianisme am\u00e9ricain, incarn\u00e9 par Murray Rothbard, a gliss\u00e9 vers la droite populiste. Jusqu\u2019o\u00f9 les lib\u00e9raux peuvent-ils s\u2019allier sans se renier?\" \/>\n<meta name=\"robots\" content=\"index, follow, max-snippet:-1, max-image-preview:large, max-video-preview:-1\" \/>\n<link rel=\"canonical\" href=\"https:\/\/leregardlibre.com\/en\/history\/conservative-libertarians\/\" \/>\n<meta property=\"og:locale\" content=\"en_US\" \/>\n<meta property=\"og:type\" content=\"article\" \/>\n<meta property=\"og:title\" content=\"Le pacte des libertariens avec les conservateurs\" \/>\n<meta property=\"og:description\" content=\"Le libertarianisme am\u00e9ricain, incarn\u00e9 par Murray Rothbard, a gliss\u00e9 vers la droite populiste. Jusqu\u2019o\u00f9 les lib\u00e9raux peuvent-ils s\u2019allier sans se renier?\" \/>\n<meta property=\"og:url\" content=\"https:\/\/leregardlibre.com\/en\/history\/conservative-libertarians\/\" \/>\n<meta property=\"og:site_name\" content=\"Le Regard Libre\" \/>\n<meta property=\"article:publisher\" content=\"https:\/\/www.facebook.com\/leregardlibre\/\" \/>\n<meta property=\"article:published_time\" content=\"2026-05-01T10:00:00+00:00\" \/>\n<meta property=\"article:modified_time\" content=\"2026-05-01T10:11:33+00:00\" \/>\n<meta property=\"og:image\" content=\"https:\/\/leregardlibre.com\/wp-content\/uploads\/2026\/04\/murray-rothbard--photo-the-ludwig-von-mises-institute-via-wikimedia-sous-cc-3-0-scaled-e1777563441353.jpg\" \/>\n\t<meta property=\"og:image:width\" content=\"2030\" \/>\n\t<meta property=\"og:image:height\" content=\"1357\" \/>\n\t<meta property=\"og:image:type\" content=\"image\/jpeg\" \/>\n<meta name=\"author\" content=\"J\u00e9r\u00f4me Perrier\" \/>\n<meta name=\"twitter:card\" content=\"summary_large_image\" \/>\n<meta name=\"twitter:creator\" content=\"@LeRegardLibre\" \/>\n<meta name=\"twitter:site\" content=\"@LeRegardLibre\" \/>\n<meta name=\"twitter:label1\" content=\"Written by\" \/>\n\t<meta name=\"twitter:data1\" content=\"J\u00e9r\u00f4me Perrier\" \/>\n\t<meta name=\"twitter:label2\" content=\"Est. reading time\" \/>\n\t<meta name=\"twitter:data2\" content=\"7 minutes\" \/>\n<script type=\"application\/ld+json\" class=\"yoast-schema-graph\">{\"@context\":\"https:\\\/\\\/schema.org\",\"@graph\":[{\"@type\":\"Article\",\"@id\":\"https:\\\/\\\/leregardlibre.com\\\/histoire\\\/libertariens-conservateurs\\\/#article\",\"isPartOf\":{\"@id\":\"https:\\\/\\\/leregardlibre.com\\\/histoire\\\/libertariens-conservateurs\\\/\"},\"author\":{\"name\":\"J\u00e9r\u00f4me Perrier\",\"@id\":\"https:\\\/\\\/leregardlibre.com\\\/#\\\/schema\\\/person\\\/3a794d63e38eb3160c44c4e9007e25cf\"},\"headline\":\"Le pacte des libertariens avec les conservateurs\",\"datePublished\":\"2026-05-01T10:00:00+00:00\",\"dateModified\":\"2026-05-01T10:11:33+00:00\",\"mainEntityOfPage\":{\"@id\":\"https:\\\/\\\/leregardlibre.com\\\/histoire\\\/libertariens-conservateurs\\\/\"},\"wordCount\":1519,\"commentCount\":0,\"publisher\":{\"@id\":\"https:\\\/\\\/leregardlibre.com\\\/#organization\"},\"image\":{\"@id\":\"https:\\\/\\\/leregardlibre.com\\\/histoire\\\/libertariens-conservateurs\\\/#primaryimage\"},\"thumbnailUrl\":\"https:\\\/\\\/leregardlibre.com\\\/wp-content\\\/uploads\\\/2026\\\/04\\\/murray-rothbard--photo-the-ludwig-von-mises-institute-via-wikimedia-sous-cc-3-0-scaled-e1777563441353.jpg\",\"keywords\":[\"Analyse\",\"Conservatisme\",\"Etats-Unis\",\"Friedrich Hayek\",\"Lib\u00e9ralisme\",\"Libertarianisme\",\"Murray Rothbard\"],\"articleSection\":[\"Histoire\"],\"inLanguage\":\"en-US\",\"potentialAction\":[{\"@type\":\"CommentAction\",\"name\":\"Comment\",\"target\":[\"https:\\\/\\\/leregardlibre.com\\\/histoire\\\/libertariens-conservateurs\\\/#respond\"]}]},{\"@type\":\"WebPage\",\"@id\":\"https:\\\/\\\/leregardlibre.com\\\/histoire\\\/libertariens-conservateurs\\\/\",\"url\":\"https:\\\/\\\/leregardlibre.com\\\/histoire\\\/libertariens-conservateurs\\\/\",\"name\":\"Le pacte des libertariens avec les conservateurs\",\"isPartOf\":{\"@id\":\"https:\\\/\\\/leregardlibre.com\\\/#website\"},\"primaryImageOfPage\":{\"@id\":\"https:\\\/\\\/leregardlibre.com\\\/histoire\\\/libertariens-conservateurs\\\/#primaryimage\"},\"image\":{\"@id\":\"https:\\\/\\\/leregardlibre.com\\\/histoire\\\/libertariens-conservateurs\\\/#primaryimage\"},\"thumbnailUrl\":\"https:\\\/\\\/leregardlibre.com\\\/wp-content\\\/uploads\\\/2026\\\/04\\\/murray-rothbard--photo-the-ludwig-von-mises-institute-via-wikimedia-sous-cc-3-0-scaled-e1777563441353.jpg\",\"datePublished\":\"2026-05-01T10:00:00+00:00\",\"dateModified\":\"2026-05-01T10:11:33+00:00\",\"description\":\"Le libertarianisme am\u00e9ricain, incarn\u00e9 par Murray Rothbard, a gliss\u00e9 vers la droite populiste. Jusqu\u2019o\u00f9 les lib\u00e9raux peuvent-ils s\u2019allier sans se renier?\",\"breadcrumb\":{\"@id\":\"https:\\\/\\\/leregardlibre.com\\\/histoire\\\/libertariens-conservateurs\\\/#breadcrumb\"},\"inLanguage\":\"en-US\",\"potentialAction\":[{\"@type\":\"ReadAction\",\"target\":[\"https:\\\/\\\/leregardlibre.com\\\/histoire\\\/libertariens-conservateurs\\\/\"]}]},{\"@type\":\"ImageObject\",\"inLanguage\":\"en-US\",\"@id\":\"https:\\\/\\\/leregardlibre.com\\\/histoire\\\/libertariens-conservateurs\\\/#primaryimage\",\"url\":\"https:\\\/\\\/leregardlibre.com\\\/wp-content\\\/uploads\\\/2026\\\/04\\\/murray-rothbard--photo-the-ludwig-von-mises-institute-via-wikimedia-sous-cc-3-0-scaled-e1777563441353.jpg\",\"contentUrl\":\"https:\\\/\\\/leregardlibre.com\\\/wp-content\\\/uploads\\\/2026\\\/04\\\/murray-rothbard--photo-the-ludwig-von-mises-institute-via-wikimedia-sous-cc-3-0-scaled-e1777563441353.jpg\",\"width\":2030,\"height\":1357,\"caption\":\"Murray Rothbard, figure de l\u2019anarcho-capitalisme et du pal\u00e9olibertarianisme. Photo: Ludwig von Mises Institute \\\/ Wikim\u00e9dia, sous CC 3.0)\"},{\"@type\":\"BreadcrumbList\",\"@id\":\"https:\\\/\\\/leregardlibre.com\\\/histoire\\\/libertariens-conservateurs\\\/#breadcrumb\",\"itemListElement\":[{\"@type\":\"ListItem\",\"position\":1,\"name\":\"Accueil\",\"item\":\"https:\\\/\\\/leregardlibre.com\\\/\"},{\"@type\":\"ListItem\",\"position\":2,\"name\":\"Le pacte des libertariens avec les conservateurs\"}]},{\"@type\":\"WebSite\",\"@id\":\"https:\\\/\\\/leregardlibre.com\\\/#website\",\"url\":\"https:\\\/\\\/leregardlibre.com\\\/\",\"name\":\"Le Regard Libre\",\"description\":\"Premier mensuel suisse de d\u00e9bat\",\"publisher\":{\"@id\":\"https:\\\/\\\/leregardlibre.com\\\/#organization\"},\"potentialAction\":[{\"@type\":\"SearchAction\",\"target\":{\"@type\":\"EntryPoint\",\"urlTemplate\":\"https:\\\/\\\/leregardlibre.com\\\/?s={search_term_string}\"},\"query-input\":{\"@type\":\"PropertyValueSpecification\",\"valueRequired\":true,\"valueName\":\"search_term_string\"}}],\"inLanguage\":\"en-US\"},{\"@type\":\"Organization\",\"@id\":\"https:\\\/\\\/leregardlibre.com\\\/#organization\",\"name\":\"Le Regard Libre\",\"url\":\"https:\\\/\\\/leregardlibre.com\\\/\",\"logo\":{\"@type\":\"ImageObject\",\"inLanguage\":\"en-US\",\"@id\":\"https:\\\/\\\/leregardlibre.com\\\/#\\\/schema\\\/logo\\\/image\\\/\",\"url\":\"https:\\\/\\\/leregardlibre.com\\\/wp-content\\\/uploads\\\/2025\\\/08\\\/logo-rl-icone-neg.jpeg\",\"contentUrl\":\"https:\\\/\\\/leregardlibre.com\\\/wp-content\\\/uploads\\\/2025\\\/08\\\/logo-rl-icone-neg.jpeg\",\"width\":557,\"height\":556,\"caption\":\"Le Regard Libre\"},\"image\":{\"@id\":\"https:\\\/\\\/leregardlibre.com\\\/#\\\/schema\\\/logo\\\/image\\\/\"},\"sameAs\":[\"https:\\\/\\\/www.facebook.com\\\/leregardlibre\\\/\",\"https:\\\/\\\/x.com\\\/LeRegardLibre\",\"https:\\\/\\\/www.linkedin.com\\\/company\\\/le-regard-libre\",\"https:\\\/\\\/www.instagram.com\\\/leregardlibre\\\/\",\"http:\\\/\\\/t.me\\\/leregardlibre\",\"https:\\\/\\\/youtube.com\\\/channel\\\/UC6HzGPomj1LsUmlz-sJtITQ\"],\"description\":\"Le Regard Libre est un mensuel suisse de d\u00e9bat intellectuel et culturel. Sa r\u00e9daction est jeune, b\u00e9n\u00e9vole, lib\u00e9rale et pluraliste. Le magazine para\u00eet en ligne et sous forme papier. Sa langue est le fran\u00e7ais.\",\"email\":\"redaction@leregardlibre.com\",\"legalName\":\"Le Regard Libre\",\"foundingDate\":\"2014-01-01\",\"numberOfEmployees\":{\"@type\":\"QuantitativeValue\",\"minValue\":\"11\",\"maxValue\":\"50\"},\"publishingPrinciples\":\"https:\\\/\\\/leregardlibre.com\\\/a-propos\\\/notre-manifeste\\\/\",\"ownershipFundingInfo\":\"https:\\\/\\\/leregardlibre.com\\\/mentions-legales\\\/\",\"actionableFeedbackPolicy\":\"https:\\\/\\\/leregardlibre.com\\\/conditions-generales-de-vente\\\/\"},{\"@type\":\"Person\",\"@id\":\"https:\\\/\\\/leregardlibre.com\\\/#\\\/schema\\\/person\\\/3a794d63e38eb3160c44c4e9007e25cf\",\"name\":\"J\u00e9r\u00f4me Perrier\",\"image\":{\"@type\":\"ImageObject\",\"inLanguage\":\"en-US\",\"@id\":\"https:\\\/\\\/secure.gravatar.com\\\/avatar\\\/064a0e8853c30cd0beaacbabf58014641569ce020e6d96326bf6bff2b6c9dd75?s=96&d=identicon&r=g\",\"url\":\"https:\\\/\\\/secure.gravatar.com\\\/avatar\\\/064a0e8853c30cd0beaacbabf58014641569ce020e6d96326bf6bff2b6c9dd75?s=96&d=identicon&r=g\",\"contentUrl\":\"https:\\\/\\\/secure.gravatar.com\\\/avatar\\\/064a0e8853c30cd0beaacbabf58014641569ce020e6d96326bf6bff2b6c9dd75?s=96&d=identicon&r=g\",\"caption\":\"J\u00e9r\u00f4me Perrier\"},\"description\":\"Agr\u00e9g\u00e9 d\u2019histoire et docteur en histoire de l\u2019Institut d\u2019\u00e9tudes politiques (IEP) de Paris, J\u00e9r\u00f4me Perrier est l\u2019auteur de la note\u00a0\u00abLe\u00a0d\u00e9tournement populiste du courant\u00a0libertarien\u00bb\u00a0publi\u00e9e l\u2019an dernier en deux tomes par la Fondation politique pour l\u2019innovation (Fondapol).\",\"url\":\"https:\\\/\\\/leregardlibre.com\\\/en\\\/author\\\/jerome-perrier\\\/\"}]}<\/script>\n<!-- \/ Yoast SEO Premium plugin. -->","yoast_head_json":{"title":"The libertarian pact with conservatives","description":"American libertarianism, epitomized by Murray Rothbard, has slipped to the populist right. How far can liberals go without denying themselves?","robots":{"index":"index","follow":"follow","max-snippet":"max-snippet:-1","max-image-preview":"max-image-preview:large","max-video-preview":"max-video-preview:-1"},"canonical":"https:\/\/leregardlibre.com\/en\/history\/conservative-libertarians\/","og_locale":"en_US","og_type":"article","og_title":"Le pacte des libertariens avec les conservateurs","og_description":"Le libertarianisme am\u00e9ricain, incarn\u00e9 par Murray Rothbard, a gliss\u00e9 vers la droite populiste. Jusqu\u2019o\u00f9 les lib\u00e9raux peuvent-ils s\u2019allier sans se renier?","og_url":"https:\/\/leregardlibre.com\/en\/history\/conservative-libertarians\/","og_site_name":"Le Regard Libre","article_publisher":"https:\/\/www.facebook.com\/leregardlibre\/","article_published_time":"2026-05-01T10:00:00+00:00","article_modified_time":"2026-05-01T10:11:33+00:00","og_image":[{"width":2030,"height":1357,"url":"https:\/\/leregardlibre.com\/wp-content\/uploads\/2026\/04\/murray-rothbard--photo-the-ludwig-von-mises-institute-via-wikimedia-sous-cc-3-0-scaled-e1777563441353.jpg","type":"image\/jpeg"}],"author":"J\u00e9r\u00f4me Perrier","twitter_card":"summary_large_image","twitter_creator":"@LeRegardLibre","twitter_site":"@LeRegardLibre","twitter_misc":{"Written by":"J\u00e9r\u00f4me Perrier","Est. reading time":"7 minutes"},"schema":{"@context":"https:\/\/schema.org","@graph":[{"@type":"Article","@id":"https:\/\/leregardlibre.com\/histoire\/libertariens-conservateurs\/#article","isPartOf":{"@id":"https:\/\/leregardlibre.com\/histoire\/libertariens-conservateurs\/"},"author":{"name":"J\u00e9r\u00f4me Perrier","@id":"https:\/\/leregardlibre.com\/#\/schema\/person\/3a794d63e38eb3160c44c4e9007e25cf"},"headline":"Le pacte des libertariens avec les conservateurs","datePublished":"2026-05-01T10:00:00+00:00","dateModified":"2026-05-01T10:11:33+00:00","mainEntityOfPage":{"@id":"https:\/\/leregardlibre.com\/histoire\/libertariens-conservateurs\/"},"wordCount":1519,"commentCount":0,"publisher":{"@id":"https:\/\/leregardlibre.com\/#organization"},"image":{"@id":"https:\/\/leregardlibre.com\/histoire\/libertariens-conservateurs\/#primaryimage"},"thumbnailUrl":"https:\/\/leregardlibre.com\/wp-content\/uploads\/2026\/04\/murray-rothbard--photo-the-ludwig-von-mises-institute-via-wikimedia-sous-cc-3-0-scaled-e1777563441353.jpg","keywords":["Analyse","Conservatisme","Etats-Unis","Friedrich Hayek","Lib\u00e9ralisme","Libertarianisme","Murray Rothbard"],"articleSection":["Histoire"],"inLanguage":"en-US","potentialAction":[{"@type":"CommentAction","name":"Comment","target":["https:\/\/leregardlibre.com\/histoire\/libertariens-conservateurs\/#respond"]}]},{"@type":"WebPage","@id":"https:\/\/leregardlibre.com\/histoire\/libertariens-conservateurs\/","url":"https:\/\/leregardlibre.com\/histoire\/libertariens-conservateurs\/","name":"The libertarian pact with conservatives","isPartOf":{"@id":"https:\/\/leregardlibre.com\/#website"},"primaryImageOfPage":{"@id":"https:\/\/leregardlibre.com\/histoire\/libertariens-conservateurs\/#primaryimage"},"image":{"@id":"https:\/\/leregardlibre.com\/histoire\/libertariens-conservateurs\/#primaryimage"},"thumbnailUrl":"https:\/\/leregardlibre.com\/wp-content\/uploads\/2026\/04\/murray-rothbard--photo-the-ludwig-von-mises-institute-via-wikimedia-sous-cc-3-0-scaled-e1777563441353.jpg","datePublished":"2026-05-01T10:00:00+00:00","dateModified":"2026-05-01T10:11:33+00:00","description":"American libertarianism, epitomized by Murray Rothbard, has slipped to the populist right. How far can liberals go without denying themselves?","breadcrumb":{"@id":"https:\/\/leregardlibre.com\/histoire\/libertariens-conservateurs\/#breadcrumb"},"inLanguage":"en-US","potentialAction":[{"@type":"ReadAction","target":["https:\/\/leregardlibre.com\/histoire\/libertariens-conservateurs\/"]}]},{"@type":"ImageObject","inLanguage":"en-US","@id":"https:\/\/leregardlibre.com\/histoire\/libertariens-conservateurs\/#primaryimage","url":"https:\/\/leregardlibre.com\/wp-content\/uploads\/2026\/04\/murray-rothbard--photo-the-ludwig-von-mises-institute-via-wikimedia-sous-cc-3-0-scaled-e1777563441353.jpg","contentUrl":"https:\/\/leregardlibre.com\/wp-content\/uploads\/2026\/04\/murray-rothbard--photo-the-ludwig-von-mises-institute-via-wikimedia-sous-cc-3-0-scaled-e1777563441353.jpg","width":2030,"height":1357,"caption":"Murray Rothbard, figure de l\u2019anarcho-capitalisme et du pal\u00e9olibertarianisme. Photo: Ludwig von Mises Institute \/ Wikim\u00e9dia, sous CC 3.0)"},{"@type":"BreadcrumbList","@id":"https:\/\/leregardlibre.com\/histoire\/libertariens-conservateurs\/#breadcrumb","itemListElement":[{"@type":"ListItem","position":1,"name":"Accueil","item":"https:\/\/leregardlibre.com\/"},{"@type":"ListItem","position":2,"name":"Le pacte des libertariens avec les conservateurs"}]},{"@type":"WebSite","@id":"https:\/\/leregardlibre.com\/#website","url":"https:\/\/leregardlibre.com\/","name":"Le Regard Libre","description":"Switzerland's first monthly debate magazine","publisher":{"@id":"https:\/\/leregardlibre.com\/#organization"},"potentialAction":[{"@type":"SearchAction","target":{"@type":"EntryPoint","urlTemplate":"https:\/\/leregardlibre.com\/?s={search_term_string}"},"query-input":{"@type":"PropertyValueSpecification","valueRequired":true,"valueName":"search_term_string"}}],"inLanguage":"en-US"},{"@type":"Organization","@id":"https:\/\/leregardlibre.com\/#organization","name":"Le Regard Libre","url":"https:\/\/leregardlibre.com\/","logo":{"@type":"ImageObject","inLanguage":"en-US","@id":"https:\/\/leregardlibre.com\/#\/schema\/logo\/image\/","url":"https:\/\/leregardlibre.com\/wp-content\/uploads\/2025\/08\/logo-rl-icone-neg.jpeg","contentUrl":"https:\/\/leregardlibre.com\/wp-content\/uploads\/2025\/08\/logo-rl-icone-neg.jpeg","width":557,"height":556,"caption":"Le Regard Libre"},"image":{"@id":"https:\/\/leregardlibre.com\/#\/schema\/logo\/image\/"},"sameAs":["https:\/\/www.facebook.com\/leregardlibre\/","https:\/\/x.com\/LeRegardLibre","https:\/\/www.linkedin.com\/company\/le-regard-libre","https:\/\/www.instagram.com\/leregardlibre\/","http:\/\/t.me\/leregardlibre","https:\/\/youtube.com\/channel\/UC6HzGPomj1LsUmlz-sJtITQ"],"description":"Le Regard Libre is a Swiss monthly magazine for intellectual and cultural debate. Its editorial team is young, voluntary, liberal and pluralist. The magazine appears online and in print. Its language is French.","email":"redaction@leregardlibre.com","legalName":"Le Regard Libre","foundingDate":"2014-01-01","numberOfEmployees":{"@type":"QuantitativeValue","minValue":"11","maxValue":"50"},"publishingPrinciples":"https:\/\/leregardlibre.com\/a-propos\/notre-manifeste\/","ownershipFundingInfo":"https:\/\/leregardlibre.com\/mentions-legales\/","actionableFeedbackPolicy":"https:\/\/leregardlibre.com\/conditions-generales-de-vente\/"},{"@type":"Person","@id":"https:\/\/leregardlibre.com\/#\/schema\/person\/3a794d63e38eb3160c44c4e9007e25cf","name":"J\u00e9r\u00f4me Perrier","image":{"@type":"ImageObject","inLanguage":"en-US","@id":"https:\/\/secure.gravatar.com\/avatar\/064a0e8853c30cd0beaacbabf58014641569ce020e6d96326bf6bff2b6c9dd75?s=96&d=identicon&r=g","url":"https:\/\/secure.gravatar.com\/avatar\/064a0e8853c30cd0beaacbabf58014641569ce020e6d96326bf6bff2b6c9dd75?s=96&d=identicon&r=g","contentUrl":"https:\/\/secure.gravatar.com\/avatar\/064a0e8853c30cd0beaacbabf58014641569ce020e6d96326bf6bff2b6c9dd75?s=96&d=identicon&r=g","caption":"J\u00e9r\u00f4me Perrier"},"description":"Agr\u00e9g\u00e9 d'histoire and Doctor of History from the Institut d'\u00e9tudes politiques (IEP) in Paris, J\u00e9r\u00f4me Perrier is the author of \u00abLe d\u00e9tournement populiste du courant libertarien\u00bb, published last year in two volumes by the Fondation politique pour l'innovation (Fondapol).","url":"https:\/\/leregardlibre.com\/en\/author\/jerome-perrier\/"}]}},"_links":{"self":[{"href":"https:\/\/leregardlibre.com\/en\/wp-json\/wp\/v2\/posts\/532306","targetHints":{"allow":["GET"]}}],"collection":[{"href":"https:\/\/leregardlibre.com\/en\/wp-json\/wp\/v2\/posts"}],"about":[{"href":"https:\/\/leregardlibre.com\/en\/wp-json\/wp\/v2\/types\/post"}],"author":[{"embeddable":true,"href":"https:\/\/leregardlibre.com\/en\/wp-json\/wp\/v2\/users\/1261"}],"replies":[{"embeddable":true,"href":"https:\/\/leregardlibre.com\/en\/wp-json\/wp\/v2\/comments?post=532306"}],"version-history":[{"count":2,"href":"https:\/\/leregardlibre.com\/en\/wp-json\/wp\/v2\/posts\/532306\/revisions"}],"predecessor-version":[{"id":532325,"href":"https:\/\/leregardlibre.com\/en\/wp-json\/wp\/v2\/posts\/532306\/revisions\/532325"}],"wp:featuredmedia":[{"embeddable":true,"href":"https:\/\/leregardlibre.com\/en\/wp-json\/wp\/v2\/media\/532307"}],"wp:attachment":[{"href":"https:\/\/leregardlibre.com\/en\/wp-json\/wp\/v2\/media?parent=532306"}],"wp:term":[{"taxonomy":"category","embeddable":true,"href":"https:\/\/leregardlibre.com\/en\/wp-json\/wp\/v2\/categories?post=532306"},{"taxonomy":"post_tag","embeddable":true,"href":"https:\/\/leregardlibre.com\/en\/wp-json\/wp\/v2\/tags?post=532306"}],"curies":[{"name":"wp","href":"https:\/\/api.w.org\/{rel}","templated":true}]}}