{"id":533196,"date":"2026-09-01T07:30:00","date_gmt":"2026-09-01T05:30:00","guid":{"rendered":"https:\/\/leregardlibre.com\/?p=533196"},"modified":"2026-09-01T07:50:12","modified_gmt":"2026-09-01T05:50:12","slug":"interview-with-dominique-vuigner","status":"publish","type":"post","link":"https:\/\/leregardlibre.com\/en\/economie\/dominique-vuigner-interview\/","title":{"rendered":"Dominique Vuigner: \u00abSwitzerland must remain an island of stability\u00bb\u00a0"},"content":{"rendered":"<div class='content_excerpt'>\n<p class=\"has-drop-cap\"><strong>For more than sixty years, Swissminiatur has been telling the story of the Swiss Confederation in miniature. The president of the Ticino park discusses the evolution of tourism, his commitment to cantonal identities, and the challenges the country will face by 2050.<\/strong><\/p>\n\n\n\n (more...)\n    <div class='restricted_content_fade'><\/div>\n    <\/div>\n  <style>\n    .content_excerpt{\n      position: relative;\n    }\n    .content_excerpt .restricted_content_fade{\n      position: absolute;\n      bottom: 0;\n      left: 0;\n      right: 0;\n      height: 75px;\n\t  margin-bottom: 0px;\n      background-image: linear-gradient(#ffffff2e, white);\n    }\n\n    .restricted_content{\n      margin-top: 30px;\n      border: solid #dddddd 1px;\n      border-radius: 7px;\n      padding: 30px;\n    }\n    \n    .restricted_content .restricted_content_title{\n      font-size: 22px;\n      font-weight: 600;\n    }\n    .restricted_content .restricted_content_flex_row{\n      display: flex;\n      flex-direction: row;\n    }\n    .restricted_content .restricted_content_image_container{\n      flex: 3;\n    }\n    .restricted_content .restricted_content_flex_column{\n      flex: 4;\n      display: flex;\n      flex-direction: column;\n      margin-left: 40px;\n      justify-content: center;\n    }\n\n\n    .restricted_content_buttons{\n      display: flex;\n      flex-direction: column;\n      width: min-content;\n    }\n    .restricted_content_button{\n      background-color: #f2f2f2;\n      text-transform: uppercase;\n      font-weight: 600;\n      padding: 8px 40px;\n      text-align: center;\n      font-size: 13px;\n      margin-top: 10px;\n      width: max-content;\n      width: 100%;\n      white-space: nowrap;\n    }\n    .restricted_content_button:hover {\n      background-color: #111111;\n      color: white;\n      text-decoration: none !important;\n    }\n\n    .restricted_content_primary_button{\n      background-color: #1F2A68 !important;\n      color: white !important;\n    }\n    .restricted_content_primary_button:hover {\n      background-color: #111111;\n    }\n\n    .restricted_content_text{\n      margin-bottom: 10px;\n      line-height: 1.2;\n      font-weight: 500;\n      font-size: 16px;\n    }\n\n  \n  <\/style>\n  <div class='restricted_content'>\n    <h3 class='restricted_content_title'>This content is reserved for our subscribers.<\/h3>\n    <div class='restricted_content_flex_row'>\n      <div class='restricted_content_image_container'>\n        <img class='restricted_content_image' src='\/wp-content\/uploads\/2025\/08\/abo_physique.png' \/>\n      <\/div>\n      <div class='restricted_content_flex_column'>\n        <div class='restricted_content_text'>If you have an account, please log in. Otherwise, discover our different subscription packages and create an account from CHF 2.50 for the first month.<\/div>\n        <div class='restricted_content_buttons'>\n          <a href='\/en\/subscription\/' class='restricted_content_button restricted_content_primary_button'>See subscriptions<\/a><a href='\/en\/my-account\/?redirect_to=https:\/\/leregardlibre.com\/en\/economie\/dominique-vuigner-interview\/'class='restricted_content_button'>Login<\/a><\/div>\n      <\/div>\n    <\/div>\n  <\/div>","protected":false},"excerpt":{"rendered":"<div class='content_excerpt'>\n<p class=\"has-drop-cap\"><strong>For more than sixty years, Swissminiatur has been telling the story of the Swiss Confederation in miniature. The president of the Ticino park discusses the evolution of tourism, his commitment to cantonal identities, and the challenges the country will face by 2050.<\/strong><\/p>\n<p> (more...)<\/p>\n<div class='restricted_content_fade'><\/div>\n<\/p><\/div>\n<style>\n    .content_excerpt{\n      position: relative;\n    }\n    .content_excerpt .restricted_content_fade{\n      position: absolute;\n      bottom: 0;\n      left: 0;\n      right: 0;\n      height: 75px;\n\t  margin-bottom: 0px;\n      background-image: linear-gradient(#ffffff2e, white);\n    }<\/p>\n<p>    .restricted_content{\n      margin-top: 30px;\n      border: solid #dddddd 1px;\n      border-radius: 7px;\n      padding: 30px;\n    }<\/p>\n<p>    .restricted_content .restricted_content_title{\n      font-size: 22px;\n      font-weight: 600;\n    }\n    .restricted_content .restricted_content_flex_row{\n      display: flex;\n      flex-direction: row;\n    }\n    .restricted_content .restricted_content_image_container{\n      flex: 3;\n    }\n    .restricted_content .restricted_content_flex_column{\n      flex: 4;\n      display: flex;\n      flex-direction: column;\n      margin-left: 40px;\n      justify-content: center;\n    }<\/p>\n<p>    .restricted_content_buttons{\n      display: flex;\n      flex-direction: column;\n      width: min-content;\n    }\n    .restricted_content_button{\n      background-color: #f2f2f2;\n      text-transform: uppercase;\n      font-weight: 600;\n      padding: 8px 40px;\n      text-align: center;\n      font-size: 13px;\n      margin-top: 10px;\n      width: max-content;\n      width: 100%;\n      white-space: nowrap;\n    }\n    .restricted_content_button:hover {\n      background-color: #111111;\n      color: white;\n      text-decoration: none !important;\n    }<\/p>\n<p>    .restricted_content_primary_button{\n      background-color: #1F2A68 !important;\n      color: white !important;\n    }\n    .restricted_content_primary_button:hover {\n      background-color: #111111;\n    }<\/p>\n<p>    .restricted_content_text{\n      margin-bottom: 10px;\n      line-height: 1.2;\n      font-weight: 500;\n      font-size: 16px;\n    }<\/p>\n<\/style>\n<div class='restricted_content'>\n<h3 class='restricted_content_title'>This content is reserved for our subscribers.<\/h3>\n<div class='restricted_content_flex_row'>\n<div class='restricted_content_image_container'>\n        <img class='restricted_content_image' src='\/wp-content\/uploads\/2025\/08\/abo_physique.png' \/>\n      <\/div>\n<div class='restricted_content_flex_column'>\n<div class='restricted_content_text'>If you have an account, please log in. Otherwise, discover our different subscription packages and create an account from CHF 2.50 for the first month.<\/div>\n<div class='restricted_content_buttons'>\n          <a href='\/en\/subscription\/' class='restricted_content_button restricted_content_primary_button'>See subscriptions<\/a><a href='\/en\/my-account\/?redirect_to=https:\/\/leregardlibre.com\/en\/economie\/dominique-vuigner-interview\/'class='restricted_content_button'>Login<\/a><\/div>\n<\/p><\/div>\n<\/p><\/div>\n<\/p><\/div>","protected":false},"author":314,"featured_media":533199,"comment_status":"open","ping_status":"closed","sticky":false,"template":"","format":"standard","meta":{"_acf_changed":false,"footnotes":""},"categories":[27371],"tags":[644358493,11788,644358518,109530],"class_list":["post-533196","post","type-post","status-publish","format-standard","has-post-thumbnail","hentry","category-economie","tag-entreprises","tag-interviews","tag-quelle-suisse-pour-2050","tag-tourisme","membership-content","access-restricted"],"acf":[],"yoast_head":"<!-- This site is optimized with the Yoast SEO Premium plugin v28.3 (Yoast SEO v28.3) - https:\/\/yoast.com\/product\/yoast-seo-premium-wordpress\/ -->\n<title>Dominique Vuigner: \u00abLa\u00a0Suisse doit rester un\u00a0\u00eelot de stabilit\u00e9\u00bb\u00a0<\/title>\n<meta name=\"description\" content=\"Swissminiatur raconte la Suisse depuis plus de 60 ans. Son pr\u00e9sident livre sa vision du tourisme, du patrimoine cantonal et des d\u00e9fis futurs jusqu&#039;en 2050.\" \/>\n<meta name=\"robots\" content=\"index, follow, max-snippet:-1, max-image-preview:large, max-video-preview:-1\" \/>\n<link rel=\"canonical\" href=\"https:\/\/leregardlibre.com\/en\/economy\/interview-with-dominique-vuigner\/\" \/>\n<meta property=\"og:locale\" content=\"en_US\" \/>\n<meta property=\"og:type\" content=\"article\" \/>\n<meta property=\"og:title\" content=\"Dominique Vuigner: \u00abLa\u00a0Suisse doit rester un\u00a0\u00eelot de stabilit\u00e9\u00bb\u00a0\" \/>\n<meta property=\"og:description\" content=\"Swissminiatur raconte la Suisse depuis plus de 60 ans. Son pr\u00e9sident livre sa vision du tourisme, du patrimoine cantonal et des d\u00e9fis futurs jusqu&#039;en 2050.\" \/>\n<meta property=\"og:url\" content=\"https:\/\/leregardlibre.com\/en\/economy\/interview-with-dominique-vuigner\/\" \/>\n<meta property=\"og:site_name\" content=\"Le Regard Libre\" \/>\n<meta property=\"article:publisher\" content=\"https:\/\/www.facebook.com\/leregardlibre\/\" \/>\n<meta property=\"article:published_time\" content=\"2026-09-01T05:30:00+00:00\" \/>\n<meta property=\"article:modified_time\" content=\"2026-09-01T05:50:12+00:00\" \/>\n<meta property=\"og:image\" content=\"https:\/\/leregardlibre.com\/wp-content\/uploads\/2026\/09\/swissminiatur-3032-e1788194805794.jpg\" \/>\n\t<meta property=\"og:image:width\" content=\"1728\" \/>\n\t<meta property=\"og:image:height\" content=\"973\" \/>\n\t<meta property=\"og:image:type\" content=\"image\/jpeg\" \/>\n<meta name=\"author\" content=\"Nicolas Jutzet\" \/>\n<meta name=\"twitter:card\" content=\"summary_large_image\" \/>\n<meta name=\"twitter:creator\" content=\"@LeRegardLibre\" \/>\n<meta name=\"twitter:site\" content=\"@LeRegardLibre\" \/>\n<meta name=\"twitter:label1\" content=\"Written by\" \/>\n\t<meta name=\"twitter:data1\" content=\"Nicolas Jutzet\" \/>\n\t<meta name=\"twitter:label2\" content=\"Est. reading time\" \/>\n\t<meta name=\"twitter:data2\" content=\"18 minutes\" \/>\n<script type=\"application\/ld+json\" class=\"yoast-schema-graph\">{\"@context\":\"https:\\\/\\\/schema.org\",\"@graph\":[{\"@type\":\"Article\",\"@id\":\"https:\\\/\\\/leregardlibre.com\\\/economie\\\/dominique-vuigner-interview\\\/#article\",\"isPartOf\":{\"@id\":\"https:\\\/\\\/leregardlibre.com\\\/economie\\\/dominique-vuigner-interview\\\/\"},\"author\":{\"name\":\"Nicolas Jutzet\",\"@id\":\"https:\\\/\\\/leregardlibre.com\\\/#\\\/schema\\\/person\\\/3446d3a78b45211305188d4401e7719a\"},\"headline\":\"Dominique Vuigner: \u00abLa\u00a0Suisse doit rester un\u00a0\u00eelot de stabilit\u00e9\u00bb\u00a0\",\"datePublished\":\"2026-09-01T05:30:00+00:00\",\"dateModified\":\"2026-09-01T05:50:12+00:00\",\"mainEntityOfPage\":{\"@id\":\"https:\\\/\\\/leregardlibre.com\\\/economie\\\/dominique-vuigner-interview\\\/\"},\"wordCount\":3807,\"commentCount\":0,\"publisher\":{\"@id\":\"https:\\\/\\\/leregardlibre.com\\\/#organization\"},\"image\":{\"@id\":\"https:\\\/\\\/leregardlibre.com\\\/economie\\\/dominique-vuigner-interview\\\/#primaryimage\"},\"thumbnailUrl\":\"https:\\\/\\\/leregardlibre.com\\\/wp-content\\\/uploads\\\/2026\\\/09\\\/swissminiatur-3032-e1788194805794.jpg\",\"keywords\":[\"Entreprises\",\"Interview\",\"Quelle Suisse pour 2050?\",\"Tourisme\"],\"articleSection\":[\"Economie\"],\"inLanguage\":\"en-US\",\"potentialAction\":[{\"@type\":\"CommentAction\",\"name\":\"Comment\",\"target\":[\"https:\\\/\\\/leregardlibre.com\\\/economie\\\/dominique-vuigner-interview\\\/#respond\"]}]},{\"@type\":\"WebPage\",\"@id\":\"https:\\\/\\\/leregardlibre.com\\\/economie\\\/dominique-vuigner-interview\\\/\",\"url\":\"https:\\\/\\\/leregardlibre.com\\\/economie\\\/dominique-vuigner-interview\\\/\",\"name\":\"Dominique Vuigner: \u00abLa\u00a0Suisse doit rester un\u00a0\u00eelot de stabilit\u00e9\u00bb\u00a0\",\"isPartOf\":{\"@id\":\"https:\\\/\\\/leregardlibre.com\\\/#website\"},\"primaryImageOfPage\":{\"@id\":\"https:\\\/\\\/leregardlibre.com\\\/economie\\\/dominique-vuigner-interview\\\/#primaryimage\"},\"image\":{\"@id\":\"https:\\\/\\\/leregardlibre.com\\\/economie\\\/dominique-vuigner-interview\\\/#primaryimage\"},\"thumbnailUrl\":\"https:\\\/\\\/leregardlibre.com\\\/wp-content\\\/uploads\\\/2026\\\/09\\\/swissminiatur-3032-e1788194805794.jpg\",\"datePublished\":\"2026-09-01T05:30:00+00:00\",\"dateModified\":\"2026-09-01T05:50:12+00:00\",\"description\":\"Swissminiatur raconte la Suisse depuis plus de 60 ans. Son pr\u00e9sident livre sa vision du tourisme, du patrimoine cantonal et des d\u00e9fis futurs jusqu'en 2050.\",\"breadcrumb\":{\"@id\":\"https:\\\/\\\/leregardlibre.com\\\/economie\\\/dominique-vuigner-interview\\\/#breadcrumb\"},\"inLanguage\":\"en-US\",\"potentialAction\":[{\"@type\":\"ReadAction\",\"target\":[\"https:\\\/\\\/leregardlibre.com\\\/economie\\\/dominique-vuigner-interview\\\/\"]}]},{\"@type\":\"ImageObject\",\"inLanguage\":\"en-US\",\"@id\":\"https:\\\/\\\/leregardlibre.com\\\/economie\\\/dominique-vuigner-interview\\\/#primaryimage\",\"url\":\"https:\\\/\\\/leregardlibre.com\\\/wp-content\\\/uploads\\\/2026\\\/09\\\/swissminiatur-3032-e1788194805794.jpg\",\"contentUrl\":\"https:\\\/\\\/leregardlibre.com\\\/wp-content\\\/uploads\\\/2026\\\/09\\\/swissminiatur-3032-e1788194805794.jpg\",\"width\":1728,\"height\":973,\"caption\":\"Photo: Swissminiatur\"},{\"@type\":\"BreadcrumbList\",\"@id\":\"https:\\\/\\\/leregardlibre.com\\\/economie\\\/dominique-vuigner-interview\\\/#breadcrumb\",\"itemListElement\":[{\"@type\":\"ListItem\",\"position\":1,\"name\":\"Accueil\",\"item\":\"https:\\\/\\\/leregardlibre.com\\\/\"},{\"@type\":\"ListItem\",\"position\":2,\"name\":\"Dominique Vuigner: \u00abLa\u00a0Suisse doit rester un\u00a0\u00eelot de stabilit\u00e9\u00bb\u00a0\"}]},{\"@type\":\"WebSite\",\"@id\":\"https:\\\/\\\/leregardlibre.com\\\/#website\",\"url\":\"https:\\\/\\\/leregardlibre.com\\\/\",\"name\":\"Le Regard Libre\",\"description\":\"Premier mensuel suisse de d\u00e9bat\",\"publisher\":{\"@id\":\"https:\\\/\\\/leregardlibre.com\\\/#organization\"},\"potentialAction\":[{\"@type\":\"SearchAction\",\"target\":{\"@type\":\"EntryPoint\",\"urlTemplate\":\"https:\\\/\\\/leregardlibre.com\\\/?s={search_term_string}\"},\"query-input\":{\"@type\":\"PropertyValueSpecification\",\"valueRequired\":true,\"valueName\":\"search_term_string\"}}],\"inLanguage\":\"en-US\"},{\"@type\":\"Organization\",\"@id\":\"https:\\\/\\\/leregardlibre.com\\\/#organization\",\"name\":\"Le Regard Libre\",\"url\":\"https:\\\/\\\/leregardlibre.com\\\/\",\"logo\":{\"@type\":\"ImageObject\",\"inLanguage\":\"en-US\",\"@id\":\"https:\\\/\\\/leregardlibre.com\\\/#\\\/schema\\\/logo\\\/image\\\/\",\"url\":\"https:\\\/\\\/leregardlibre.com\\\/wp-content\\\/uploads\\\/2025\\\/08\\\/logo-rl-icone-neg.jpeg\",\"contentUrl\":\"https:\\\/\\\/leregardlibre.com\\\/wp-content\\\/uploads\\\/2025\\\/08\\\/logo-rl-icone-neg.jpeg\",\"width\":557,\"height\":556,\"caption\":\"Le Regard Libre\"},\"image\":{\"@id\":\"https:\\\/\\\/leregardlibre.com\\\/#\\\/schema\\\/logo\\\/image\\\/\"},\"sameAs\":[\"https:\\\/\\\/www.facebook.com\\\/leregardlibre\\\/\",\"https:\\\/\\\/x.com\\\/LeRegardLibre\",\"https:\\\/\\\/www.linkedin.com\\\/company\\\/le-regard-libre\",\"https:\\\/\\\/www.instagram.com\\\/leregardlibre\\\/\",\"http:\\\/\\\/t.me\\\/leregardlibre\",\"https:\\\/\\\/youtube.com\\\/channel\\\/UC6HzGPomj1LsUmlz-sJtITQ\"],\"description\":\"Le Regard Libre est un mensuel suisse de d\u00e9bat intellectuel et culturel. Sa r\u00e9daction est jeune, b\u00e9n\u00e9vole, lib\u00e9rale et pluraliste. Le magazine para\u00eet en ligne et sous forme papier. Sa langue est le fran\u00e7ais.\",\"email\":\"redaction@leregardlibre.com\",\"legalName\":\"Le Regard Libre\",\"foundingDate\":\"2014-01-01\",\"numberOfEmployees\":{\"@type\":\"QuantitativeValue\",\"minValue\":\"11\",\"maxValue\":\"50\"},\"publishingPrinciples\":\"https:\\\/\\\/leregardlibre.com\\\/a-propos\\\/notre-manifeste\\\/\",\"ownershipFundingInfo\":\"https:\\\/\\\/leregardlibre.com\\\/mentions-legales\\\/\",\"actionableFeedbackPolicy\":\"https:\\\/\\\/leregardlibre.com\\\/conditions-generales-de-vente\\\/\"},{\"@type\":\"Person\",\"@id\":\"https:\\\/\\\/leregardlibre.com\\\/#\\\/schema\\\/person\\\/3446d3a78b45211305188d4401e7719a\",\"name\":\"Nicolas Jutzet\",\"image\":{\"@type\":\"ImageObject\",\"inLanguage\":\"en-US\",\"@id\":\"https:\\\/\\\/secure.gravatar.com\\\/avatar\\\/0051d940078d390e50a5e700a6c653e3776f3a164b8878a91d3c09ee3a174239?s=96&d=identicon&r=g\",\"url\":\"https:\\\/\\\/secure.gravatar.com\\\/avatar\\\/0051d940078d390e50a5e700a6c653e3776f3a164b8878a91d3c09ee3a174239?s=96&d=identicon&r=g\",\"contentUrl\":\"https:\\\/\\\/secure.gravatar.com\\\/avatar\\\/0051d940078d390e50a5e700a6c653e3776f3a164b8878a91d3c09ee3a174239?s=96&d=identicon&r=g\",\"caption\":\"Nicolas Jutzet\"},\"description\":\"Co-fondateur du m\u00e9dia Liber-th\u00e9, Nicolas Jutzet est vice-directeur de l\u2019Institut lib\u00e9ral, en Suisse.\",\"sameAs\":[\"https:\\\/\\\/nicolasjutzet.ch\\\/a-propos\\\/\",\"https:\\\/\\\/fr.wikipedia.org\\\/wiki\\\/Le_Regard_libre\"],\"url\":\"https:\\\/\\\/leregardlibre.com\\\/en\\\/author\\\/nicolas-jutzet\\\/\"}]}<\/script>\n<!-- \/ Yoast SEO Premium plugin. -->","yoast_head_json":{"title":"Dominique Vuigner: \u00abSwitzerland must remain an island of stability\u00bb\u00a0","description":"Swissminiatur has been telling the story of Switzerland for more than 60 years. Its president shares his vision for tourism, cantonal heritage, and future challenges through 2050.","robots":{"index":"index","follow":"follow","max-snippet":"max-snippet:-1","max-image-preview":"max-image-preview:large","max-video-preview":"max-video-preview:-1"},"canonical":"https:\/\/leregardlibre.com\/en\/economy\/interview-with-dominique-vuigner\/","og_locale":"en_US","og_type":"article","og_title":"Dominique Vuigner: \u00abLa\u00a0Suisse doit rester un\u00a0\u00eelot de stabilit\u00e9\u00bb\u00a0","og_description":"Swissminiatur raconte la Suisse depuis plus de 60 ans. Son pr\u00e9sident livre sa vision du tourisme, du patrimoine cantonal et des d\u00e9fis futurs jusqu'en 2050.","og_url":"https:\/\/leregardlibre.com\/en\/economy\/interview-with-dominique-vuigner\/","og_site_name":"Le Regard Libre","article_publisher":"https:\/\/www.facebook.com\/leregardlibre\/","article_published_time":"2026-09-01T05:30:00+00:00","article_modified_time":"2026-09-01T05:50:12+00:00","og_image":[{"width":1728,"height":973,"url":"https:\/\/leregardlibre.com\/wp-content\/uploads\/2026\/09\/swissminiatur-3032-e1788194805794.jpg","type":"image\/jpeg"}],"author":"Nicolas Jutzet","twitter_card":"summary_large_image","twitter_creator":"@LeRegardLibre","twitter_site":"@LeRegardLibre","twitter_misc":{"Written by":"Nicolas Jutzet","Est. reading time":"18 minutes"},"schema":{"@context":"https:\/\/schema.org","@graph":[{"@type":"Article","@id":"https:\/\/leregardlibre.com\/economie\/dominique-vuigner-interview\/#article","isPartOf":{"@id":"https:\/\/leregardlibre.com\/economie\/dominique-vuigner-interview\/"},"author":{"name":"Nicolas Jutzet","@id":"https:\/\/leregardlibre.com\/#\/schema\/person\/3446d3a78b45211305188d4401e7719a"},"headline":"Dominique Vuigner: \u00abLa\u00a0Suisse doit rester un\u00a0\u00eelot de stabilit\u00e9\u00bb\u00a0","datePublished":"2026-09-01T05:30:00+00:00","dateModified":"2026-09-01T05:50:12+00:00","mainEntityOfPage":{"@id":"https:\/\/leregardlibre.com\/economie\/dominique-vuigner-interview\/"},"wordCount":3807,"commentCount":0,"publisher":{"@id":"https:\/\/leregardlibre.com\/#organization"},"image":{"@id":"https:\/\/leregardlibre.com\/economie\/dominique-vuigner-interview\/#primaryimage"},"thumbnailUrl":"https:\/\/leregardlibre.com\/wp-content\/uploads\/2026\/09\/swissminiatur-3032-e1788194805794.jpg","keywords":["Entreprises","Interview","Quelle Suisse pour 2050?","Tourisme"],"articleSection":["Economie"],"inLanguage":"en-US","potentialAction":[{"@type":"CommentAction","name":"Comment","target":["https:\/\/leregardlibre.com\/economie\/dominique-vuigner-interview\/#respond"]}]},{"@type":"WebPage","@id":"https:\/\/leregardlibre.com\/economie\/dominique-vuigner-interview\/","url":"https:\/\/leregardlibre.com\/economie\/dominique-vuigner-interview\/","name":"Dominique Vuigner: \u00abSwitzerland must remain an island of stability\u00bb\u00a0","isPartOf":{"@id":"https:\/\/leregardlibre.com\/#website"},"primaryImageOfPage":{"@id":"https:\/\/leregardlibre.com\/economie\/dominique-vuigner-interview\/#primaryimage"},"image":{"@id":"https:\/\/leregardlibre.com\/economie\/dominique-vuigner-interview\/#primaryimage"},"thumbnailUrl":"https:\/\/leregardlibre.com\/wp-content\/uploads\/2026\/09\/swissminiatur-3032-e1788194805794.jpg","datePublished":"2026-09-01T05:30:00+00:00","dateModified":"2026-09-01T05:50:12+00:00","description":"Swissminiatur has been telling the story of Switzerland for more than 60 years. Its president shares his vision for tourism, cantonal heritage, and future challenges through 2050.","breadcrumb":{"@id":"https:\/\/leregardlibre.com\/economie\/dominique-vuigner-interview\/#breadcrumb"},"inLanguage":"en-US","potentialAction":[{"@type":"ReadAction","target":["https:\/\/leregardlibre.com\/economie\/dominique-vuigner-interview\/"]}]},{"@type":"ImageObject","inLanguage":"en-US","@id":"https:\/\/leregardlibre.com\/economie\/dominique-vuigner-interview\/#primaryimage","url":"https:\/\/leregardlibre.com\/wp-content\/uploads\/2026\/09\/swissminiatur-3032-e1788194805794.jpg","contentUrl":"https:\/\/leregardlibre.com\/wp-content\/uploads\/2026\/09\/swissminiatur-3032-e1788194805794.jpg","width":1728,"height":973,"caption":"Photo: Swissminiatur"},{"@type":"BreadcrumbList","@id":"https:\/\/leregardlibre.com\/economie\/dominique-vuigner-interview\/#breadcrumb","itemListElement":[{"@type":"ListItem","position":1,"name":"Accueil","item":"https:\/\/leregardlibre.com\/"},{"@type":"ListItem","position":2,"name":"Dominique Vuigner: \u00abLa\u00a0Suisse doit rester un\u00a0\u00eelot de stabilit\u00e9\u00bb\u00a0"}]},{"@type":"WebSite","@id":"https:\/\/leregardlibre.com\/#website","url":"https:\/\/leregardlibre.com\/","name":"Le Regard Libre","description":"Switzerland's first monthly debate magazine","publisher":{"@id":"https:\/\/leregardlibre.com\/#organization"},"potentialAction":[{"@type":"SearchAction","target":{"@type":"EntryPoint","urlTemplate":"https:\/\/leregardlibre.com\/?s={search_term_string}"},"query-input":{"@type":"PropertyValueSpecification","valueRequired":true,"valueName":"search_term_string"}}],"inLanguage":"en-US"},{"@type":"Organization","@id":"https:\/\/leregardlibre.com\/#organization","name":"Le Regard Libre","url":"https:\/\/leregardlibre.com\/","logo":{"@type":"ImageObject","inLanguage":"en-US","@id":"https:\/\/leregardlibre.com\/#\/schema\/logo\/image\/","url":"https:\/\/leregardlibre.com\/wp-content\/uploads\/2025\/08\/logo-rl-icone-neg.jpeg","contentUrl":"https:\/\/leregardlibre.com\/wp-content\/uploads\/2025\/08\/logo-rl-icone-neg.jpeg","width":557,"height":556,"caption":"Le Regard Libre"},"image":{"@id":"https:\/\/leregardlibre.com\/#\/schema\/logo\/image\/"},"sameAs":["https:\/\/www.facebook.com\/leregardlibre\/","https:\/\/x.com\/LeRegardLibre","https:\/\/www.linkedin.com\/company\/le-regard-libre","https:\/\/www.instagram.com\/leregardlibre\/","http:\/\/t.me\/leregardlibre","https:\/\/youtube.com\/channel\/UC6HzGPomj1LsUmlz-sJtITQ"],"description":"Le Regard Libre is a Swiss monthly magazine for intellectual and cultural debate. Its editorial team is young, voluntary, liberal and pluralist. The magazine appears online and in print. Its language is French.","email":"redaction@leregardlibre.com","legalName":"Le Regard Libre","foundingDate":"2014-01-01","numberOfEmployees":{"@type":"QuantitativeValue","minValue":"11","maxValue":"50"},"publishingPrinciples":"https:\/\/leregardlibre.com\/a-propos\/notre-manifeste\/","ownershipFundingInfo":"https:\/\/leregardlibre.com\/mentions-legales\/","actionableFeedbackPolicy":"https:\/\/leregardlibre.com\/conditions-generales-de-vente\/"},{"@type":"Person","@id":"https:\/\/leregardlibre.com\/#\/schema\/person\/3446d3a78b45211305188d4401e7719a","name":"Nicolas Jutzet","image":{"@type":"ImageObject","inLanguage":"en-US","@id":"https:\/\/secure.gravatar.com\/avatar\/0051d940078d390e50a5e700a6c653e3776f3a164b8878a91d3c09ee3a174239?s=96&d=identicon&r=g","url":"https:\/\/secure.gravatar.com\/avatar\/0051d940078d390e50a5e700a6c653e3776f3a164b8878a91d3c09ee3a174239?s=96&d=identicon&r=g","contentUrl":"https:\/\/secure.gravatar.com\/avatar\/0051d940078d390e50a5e700a6c653e3776f3a164b8878a91d3c09ee3a174239?s=96&d=identicon&r=g","caption":"Nicolas Jutzet"},"description":"Co-founder of the Liber-th\u00e9 media, Nicolas Jutzet is vice-director of the Institut lib\u00e9ral in Switzerland.","sameAs":["https:\/\/nicolasjutzet.ch\/a-propos\/","https:\/\/fr.wikipedia.org\/wiki\/Le_Regard_libre"],"url":"https:\/\/leregardlibre.com\/en\/author\/nicolas-jutzet\/"}]}},"_links":{"self":[{"href":"https:\/\/leregardlibre.com\/en\/wp-json\/wp\/v2\/posts\/533196","targetHints":{"allow":["GET"]}}],"collection":[{"href":"https:\/\/leregardlibre.com\/en\/wp-json\/wp\/v2\/posts"}],"about":[{"href":"https:\/\/leregardlibre.com\/en\/wp-json\/wp\/v2\/types\/post"}],"author":[{"embeddable":true,"href":"https:\/\/leregardlibre.com\/en\/wp-json\/wp\/v2\/users\/314"}],"replies":[{"embeddable":true,"href":"https:\/\/leregardlibre.com\/en\/wp-json\/wp\/v2\/comments?post=533196"}],"version-history":[{"count":4,"href":"https:\/\/leregardlibre.com\/en\/wp-json\/wp\/v2\/posts\/533196\/revisions"}],"predecessor-version":[{"id":533204,"href":"https:\/\/leregardlibre.com\/en\/wp-json\/wp\/v2\/posts\/533196\/revisions\/533204"}],"wp:featuredmedia":[{"embeddable":true,"href":"https:\/\/leregardlibre.com\/en\/wp-json\/wp\/v2\/media\/533199"}],"wp:attachment":[{"href":"https:\/\/leregardlibre.com\/en\/wp-json\/wp\/v2\/media?parent=533196"}],"wp:term":[{"taxonomy":"category","embeddable":true,"href":"https:\/\/leregardlibre.com\/en\/wp-json\/wp\/v2\/categories?post=533196"},{"taxonomy":"post_tag","embeddable":true,"href":"https:\/\/leregardlibre.com\/en\/wp-json\/wp\/v2\/tags?post=533196"}],"curies":[{"name":"wp","href":"https:\/\/api.w.org\/{rel}","templated":true}]}}