{"id":6158,"date":"2014-12-15T07:00:54","date_gmt":"2014-12-15T06:00:54","guid":{"rendered":"http:\/\/leregardlibre.com\/?p=6158"},"modified":"2023-08-08T17:02:13","modified_gmt":"2023-08-08T15:02:13","slug":"le-liberalisme-aujourdhui","status":"publish","type":"post","link":"https:\/\/leregardlibre.com\/en\/philosophy\/le-liberalisme-aujourdhui\/","title":{"rendered":"Liberalism today"},"content":{"rendered":"<p>Le Regard Libre N\u00b0 7 - Jonas Follonier<\/p>\n\n\n\n<p><em>Interview with Fr\u00e9d\u00e9ric Jollien, President of the Swiss section of European Students For Liberty.<\/em><\/p>\n\n\n\n<h6 class=\"wp-block-heading\"><strong><em>Le Regard Libre<\/em>What is liberalism? <\/strong><\/h6>\n\n\n\n<p>Fr\u00e9d\u00e9ric Jollien: Liberalism is a political philosophy that affirms the natural right of every human being. The principle of this right is that each individual is the owner of himself and his activity. It condemns aggression, which is defined as an attack on another's property against his or her consent.<\/p>\n\n\n\n<!--more Lire la suite de l'entretien-->\n\n\n\n<p>Le lib\u00e9ralisme vise \u00e0 r\u00e9duire ou \u00e0 supprimer tout acte coercitif d&#8217;individus sur d&#8217;autres individus. Si ce principe va de soi pour les faits de personnes isol\u00e9es (le vol \u00e0 main arm\u00e9e, le meurtre etc.), il est malheureusement ignor\u00e9 lorsque des actes ont \u00e9t\u00e9 voulus par des officiels ou des majorit\u00e9s (guerre, taxation, inflation etc.). Son combat politique est donc de renseigner les citoyens de tous les effets de la coercition l\u00e9gale et de la combattre. Le lib\u00e9ralisme ne participe pas au culte de la d\u00e9mocratie telle qu&#8217;on la per\u00e7oit aujourd&#8217;hui. Qu&#8217;une minorit\u00e9 soit pers\u00e9cut\u00e9e par un roi ou par le consentement d\u00e9mocratique du peuple ne fait absolument aucune diff\u00e9rence. Pour un lib\u00e9ral, l&#8217;essence v\u00e9ritable de la d\u00e9mocratie est la souverainet\u00e9 de l&#8217;individu sur sa vie personnelle. Benjamin Constant avait fait une tr\u00e8s bonne explication du lib\u00e9ralisme en s\u00e9parant la libert\u00e9 des Anciens qui pr\u00e9tend que la libert\u00e9 est de pouvoir exprimer son avis dans une urne et la libert\u00e9 des Modernes qui revendique le droit \u00e0 l&#8217;exercice de son ind\u00e9pendance priv\u00e9e.<\/p>\n\n\n\n<h6 class=\"wp-block-heading\"><strong>Le lib\u00e9ralisme est-il actuellement en phase d\u2019extinction ou au contraire en phase d\u2019expansion?<\/strong><\/h6>\n\n\n\n<p>Il est globalement en phase de r\u00e9apparition apr\u00e8s un XX<sup>th<\/sup> si\u00e8cle absolument d\u00e9testable pour ce courant de pens\u00e9e. Il y a les mouvements libertariens am\u00e9ricains (mot anglo-saxon pour parler du lib\u00e9ralisme sans \u00eatre assimil\u00e9 au <em>liberalism <\/em>du parti d\u00e9mocrate de tendance socialiste). En Afrique, le mouvement lib\u00e9ral prend vraiment beaucoup d&#8217;importance chez les jeunes. En Europe, ce sont surtout les pays de l&#8217;Est (\u00e0 l&#8217;exception de la Russie) qui voient une renaissance forte du lib\u00e9ralisme philosophique et politique. Ce renouveau n&#8217;appara\u00eet encore que tr\u00e8s peu en politique. L&#8217;Occident est, bien au contraire, la sc\u00e8ne d&#8217;un anti-capitalisme devenu <em>mainstream <\/em>bien qu&#8217;il faille nuancer selon les particularit\u00e9s locales. Je remarque surtout une progression impressionnante chez les jeuns. Bien que le nombre de militants soit n\u00e9gligeable, la coh\u00e9rence et la qualit\u00e9 intellectuelle sont bien pr\u00e9sentes. Le r\u00e9seau internet a permis un acc\u00e8s au savoir, une am\u00e9lioration des d\u00e9bats et une construction importante d&#8217;une communaut\u00e9 militante qui n&#8217;avait jamais \u00e9t\u00e9 vue auparavant.<\/p>\n\n\n\n<h6 class=\"wp-block-heading\"><strong>Un nouveau cr\u00e9neau est n\u00e9, un mouvement assez th\u00e9orique et pouss\u00e9: l\u2019<em>anarcho-capitalisme<\/em>. Que pr\u00e9conise cette doctrine? La loi de la jungle?<\/strong><\/h6>\n\n\n\n<p>Pendant des si\u00e8cles, les lib\u00e9raux ont d\u00e9montr\u00e9 que l&#8217;Etat n&#8217;avait aucune l\u00e9gitimit\u00e9 dans certains domaines (comme la religion ou l\u2019habillement) et qu&#8217;il fallait garantir une libert\u00e9 individuelle. Ceci amena notamment \u00e0 la cr\u00e9ation des Droits de l&#8217;Homme qui visaient sp\u00e9cifiquement \u00e0 restreindre l&#8217;action des Etats. Les lib\u00e9raux restaient cependant convaincus que l&#8217;Etat avait une fonction essentielle pour garantir les libert\u00e9s qu&#8217;ils d\u00e9fendaient. Par exemple, si la libert\u00e9 religieuse devait \u00eatre d\u00e9fendue, il fallait un interm\u00e9diaire neutre pour emp\u00eacher les gens de s&#8217;imposer mutuellement leurs religions. L&#8217;Etat \u00e9tait vu comme le garant indispensable \u00e0 la sauvegarde des libert\u00e9s individuelles. L&#8217;anarcho-capitalisme pr\u00e9tend qu&#8217;il faut cesser avec ces soi-disant \u00abdroits r\u00e9galiens\u00bb et qu&#8217;une concurrence des justices et des entreprises de s\u00e9curit\u00e9 est non seulement faisable mais tout \u00e0 fait souhaitable. C&#8217;est un mouvement qui n&#8217;est pas nouveau. L&#8217;un des premiers \u00e0 l&#8217;avoir th\u00e9oris\u00e9 est Gustave de Molinari, un \u00e9conomiste belge du XIX<sup>th<\/sup> si\u00e8cle. Il s\u2019agit de l&#8217;aboutissement absolu du lib\u00e9ralisme politique: la suppression pure et simple de l&#8217;Etat. Ce mouvement a pris passablement d&#8217;inspiration dans le socialisme individualiste am\u00e9ricain et a \u00e9galement aujourd&#8217;hui les apports de David Friedman par exemple. La loi de la jungle est la loi du plus fort, la loi de la violence. Le lib\u00e9ralisme revendique au contraire les droits naturels de chaque homme sur sa propri\u00e9t\u00e9 l\u00e9gitime. C&#8217;est l&#8217;exact oppos\u00e9 de la barbarie et de la loi du plus fort. Pour l&#8217;homme de peu de probit\u00e9 intellectuelle, l&#8217;argument de la jungle facilite l&#8217;approbation des foules. L&#8217;analyse des discours politiques montre que ce sophisme a \u00e9t\u00e9 largement utilis\u00e9 pour justifier maints despotismes. Et c&#8217;est malheureusement encore le cas aujourd&#8217;hui. Il faut savoir ce qu&#8217;on entend sous les termes \u00abd&#8217;ordre\u00bb et de \u00abjungle\u00bb. Personnellement, je pr\u00e9f\u00e8re d\u00e9fendre la jungle suisse \u00e0 l&#8217;ordre nord-cor\u00e9en.<\/p>\n\n\n\n<h6 class=\"wp-block-heading\"><strong>Selon vous, le traditionnel clivage gauche-droite est-il sens\u00e9 ou devrait-on fondamentalement r\u00e9former notre conception et notre pratique du d\u00e9bat d\u2019id\u00e9es et de la politique?<\/strong><\/h6>\n\n\n\n<p>Le clivage gauche-droite n&#8217;est pas li\u00e9 \u00e0 la philosophie politique mais \u00e0 la tendance id\u00e9ologique du moment. Actuellement, la droite est associ\u00e9e \u00e0 un interventionnisme civil (police forte, contr\u00f4le des fronti\u00e8res, pr\u00e9servation culturelle etc.) et \u00e0 un relatif lib\u00e9ralisme \u00e9conomique, tandis que la gauche est interventionniste \u00e9conomiquement mais d\u00e9fend relativement la libert\u00e9 civile (mariage homosexuel, lib\u00e9ralisation des drogues etc.). Historiquement, \u00e7a n\u2019a pas toujours \u00e9t\u00e9 le cas. Les lib\u00e9raux se distancient compl\u00e8tement de ce clivage et en critiquent la non pertinence intellectuelle. Etant donn\u00e9 que les d\u00e9cisions gouvernementales font la part belle aux questions \u00e9conomiques, les lib\u00e9raux sont g\u00e9n\u00e9ralement class\u00e9s \u00e0 droite mais vous les trouverez avec la gauche pour&nbsp;d&#8217;autres combats ou parfois compl\u00e8tement seuls.<\/p>\n\n\n\n<h6 class=\"wp-block-heading\"><strong>De nombreux politiques, intellectuels, journalistes ou citoyens lambda d\u00e9noncent aujourd\u2019hui une certaine surabondance de l\u2019importance du bien individuel par rapport au bien commun. Que pensez-vous de cette critique?<\/strong><\/h6>\n\n\n\n<p>C&#8217;est un sophisme ridicule. On ne saurait opposer l&#8217;un \u00e0 l&#8217;autre. La tendance actuelle est effectivement de crier \u00e0 l&#8217;\u00e9go\u00efsme, \u00e0 l&#8217;individualisme et de glorifier un bien commun qu&#8217;on ne saurait d\u00e9finir. Or, le bien commun ne peut \u00eatre un bien s\u2019il n\u2019am\u00e9liore pas le bien individuel. Le tout \u00abcollectif\u00bb est form\u00e9 de ses individus. Le peuple et la soci\u00e9t\u00e9 sont des abstractions qui n&#8217;ont pas de conscience ni de caract\u00e9ristiques d\u00e9finies. Qui sont ces hommes qui seraient capables de d\u00e9finir le \u00abbien commun\u00bb&nbsp;de la soci\u00e9t\u00e9 en lieu et place des individus qui la composent? Il est terrible de constater que plus les probl\u00e8mes s&#8217;amplifient, plus ces sophismes prennent de l&#8217;ampleur. On ne saurait penser \u00e0 certains \u00e9v\u00e9nements historiques sans frissonner d&#8217;inqui\u00e9tude. Que d&#8217;horreurs ont \u00e9t\u00e9 faites au nom de ces id\u00e9es.<\/p>\n\n\n\n<h6 class=\"wp-block-heading\"><strong>Selon vous, les lib\u00e9raux sont-ils actuellement minoritaires ou majoritaires aupr\u00e8s de la population suisse?<\/strong><\/h6>\n\n\n\n<p>Cela d\u00e9pend de quel point de vue. Politiquement, il n&#8217;y en a pas ou tr\u00e8s peu. Les individus ont tendance \u00e0 attendre beaucoup de l&#8217;Etat et \u00e0 faire du lobbyisme pour d\u00e9fendre leur gagne-pain. C&#8217;est le syst\u00e8me dans lequel ils vivent et ils sont dispos\u00e9s \u00e0 y souffrir. Comme le disait Bastiat, \u00abl&#8217;Etat est cette grande fiction \u00e0 travers laquelle tout le monde essaie de vivre au d\u00e9pend de tout le monde.\u00bb Mais dans la vie de tous les jours, ils sont emprunts de lib\u00e9ralisme: ils ne tol\u00e8rent pas le vol par exemple et collaborent librement, s&#8217;\u00e9changent et s&#8217;entraident. En r\u00e9alit\u00e9, la population ne voit pas que leurs actes politiques sont exactement \u00e0 l&#8217;oppos\u00e9 de leurs valeurs profondes. Jamais ils n&#8217;iraient frapper chez leurs voisins pour leur confisquer un produit alimentaire. Par contre, ils sont pr\u00eats \u00e0 voter des lois (protectionnisme alimentaire, interdiction de tel type d&#8217;aliment etc.) qui enverront des hommes en bleu le faire \u00e0 leur place. C&#8217;est assez \u00e9trange que les individus attribuent des droits \u00e0 une entit\u00e9 externe, l&#8217;Etat, qu&#8217;ils n&#8217;attribueraient jamais \u00e0 eux-m\u00eames.<strong>&nbsp;<\/strong><\/p>\n\n\n\n<h6 class=\"wp-block-heading\"><strong>L\u2019Homme est-il par nature capitaliste?<\/strong><\/h6>\n\n\n\n<p>Il faut toujours d\u00e9finir les termes que l&#8217;on utilise pour bien se comprendre. Le capitalisme est ce que l&#8217;on entend par une propri\u00e9t\u00e9 priv\u00e9e des biens. Le capitaliste est d\u00e9sign\u00e9 comme l&#8217;homme qui conserve du capital (des biens sous forme mon\u00e9taire ou non) pour am\u00e9liorer son bien-\u00eatre soit aujourd&#8217;hui (en l&#8217;empruntant et en touchant des int\u00e9r\u00eats) soit demain (en le r\u00e9investissant ou en couvrant les sinistres impr\u00e9vus). Oui, l&#8217;Homme est capitaliste et son corps l&#8217;est \u00e9galement: il conserve des biens pour une utilisation ult\u00e9rieure. Ce n&#8217;est m\u00eame&nbsp;pas le propre de l&#8217;esp\u00e8ce humaine: c\u2019est le propre de tout \u00eatre vivant. Mais attention, le capitalisme n&#8217;est pas forc\u00e9ment lib\u00e9ral. Le capital peut \u00eatre accumul\u00e9 autant gr\u00e2ce \u00e0 l&#8217;agression qu&#8217;au travail. Il est important de faire cette distinction car le capitalisme ou le lib\u00e9ralisme sont souvent assimil\u00e9s au corporatisme, \u00e0 l\u2019esclavage ou \u00e0 d\u2019autres formes d\u2019agression.<\/p>\n\n\n\n<h6 class=\"wp-block-heading\"><strong>Le Parti lib\u00e9ral-radical est-il lib\u00e9ral? Est-il radical?<\/strong><\/h6>\n\n\n\n<p>Il faut toujours bien diff\u00e9rencier le parti de la philosophie politique. Un parti est l\u00e0 avant tout pour emporter des \u00e9lections. Les id\u00e9es qu&#8217;il d\u00e9fendra n&#8217;ont g\u00e9n\u00e9ralement pas de coh\u00e9rence philosophique r\u00e9elle. Vous entendrez souvent les partis revendiquer le conf\u00e9d\u00e9ralisme et l&#8217;autonomie des cantons, puis les bafouer lors de la votation suivante en revendiquant les r\u00e8gles d\u00e9mocratiques et la loi de la majorit\u00e9 f\u00e9d\u00e9rale. Actuellement, aucun parti n&#8217;est absolument lib\u00e9ral. Si le PLR pr\u00e9tend repr\u00e9senter un certain lib\u00e9ralisme \u00e9conomique, il propose r\u00e9guli\u00e8rement des subventions \u00e0 tel secteur, des r\u00e9glementations \u00e0 d&#8217;autres et des sauvetages quand \u00abil le faut\u00bb. De m\u00eame sur le sujet des libert\u00e9s civiles: les accords maritaux entre personne de m\u00eame sexe ne font actuellement pas la majorit\u00e9, la lib\u00e9ralisation des drogues n&#8217;est m\u00eame pas un sujet et la libert\u00e9 confessionnelle est gravement remise en question par une minorit\u00e9. Le PLR est-il plus lib\u00e9ral ou radical? C&#8217;est une question difficile \u00e0 r\u00e9pondre. D\u00e9j\u00e0 auparavant, le Parti lib\u00e9ral n&#8217;\u00e9tait lib\u00e9ral que dans la mesure o\u00f9 on le comparait aux autres. Quant au Parti radical, il ne peut s&#8217;inscrire dans une v\u00e9ritable philosophie politique: il est le fruit d&#8217;une union entre le jacobinisme fran\u00e7ais, le lib\u00e9ralisme religieux, les pr\u00e9misses du socialisme et de concessions faites avec les conservateurs pour en arriver \u00e0 la d\u00e9fense d&#8217;un f\u00e9d\u00e9ralisme constitutionnel. C&#8217;est le fruit d&#8217;une histoire plus que le fruit de la raison. Mais le PLR a chang\u00e9, il change et il changera.<\/p>\n\n\n\n<h6 class=\"wp-block-heading\"><strong>Peut-on \u00eatre \u00e0 la fois conservateur et lib\u00e9ral?<\/strong><\/h6>\n\n\n\n<p>Oui, totalement. Le conservatisme n&#8217;est pas fonci\u00e8rement une doctrine politique. On peut \u00eatre conservateur et refuser d&#8217;imposer sa vision \u00e0 autrui. Un conservateur lib\u00e9ral doit \u00eatre logique et cons\u00e9quent. S&#8217;il r\u00e9prouve l&#8217;union homosexuelle, il ne doit pas pour autant emp\u00eacher des individus de faire des contrats de mariage entre eux. S&#8217;il r\u00e9prouve les nouvelles technologies, il n&#8217;a pas \u00e0 interdire \u00e0 autrui, par la force de l&#8217;Etat, de les utiliser. De m\u00eame, s&#8217;il souhaite un signe religieux dans la classe de ses enfants, il n&#8217;a pas \u00e0 l&#8217;imposer \u00e0 tous par l&#8217;interm\u00e8de des \u00e9coles obligatoires. Par contre, il peut revendiquer son droit \u00e0 avoir une \u00e9ducation religieuse \u00e0 son enfant ou le droit de refuser l&#8217;imposition de nouvelles technologies. Il est ma\u00eetre de sa vie et de sa propri\u00e9t\u00e9. La libert\u00e9 implique la possibilit\u00e9 d&#8217;\u00e9tablir des contrats volontairement avec autrui et le droit de les refuser. Le lib\u00e9ralisme n&#8217;est donc pas un dogme moral et s&#8217;adapte totalement aux choix individuels. Dans un monde lib\u00e9ral, les conservateurs peuvent avoir leurs propres \u00e9coles, leurs \u00e9glises et les socialistes monter leurs kibboutz et vivre en collectivit\u00e9s librement consenties.<\/p>\n\n\n\n<p><em>Write to the author: <a href=\"mailto:jonas.follonier@leregardlibre.com\">jonas.follonier@leregardlibre.com<\/a><\/em><\/p>","protected":false},"excerpt":{"rendered":"<p>Le Regard Libre N\u00b0 7 &#8211; Jonas Follonier L\u2019interview de Fr\u00e9d\u00e9ric Jollien, pr\u00e9sident de la section suisse des European Students&#8230;<\/p>","protected":false},"author":138,"featured_media":6253,"comment_status":"open","ping_status":"open","sticky":false,"template":"","format":"standard","meta":{"_acf_changed":false,"footnotes":""},"categories":[11566],"tags":[615812,453465,678911,11788,33225,501212,413468],"class_list":["post-6158","post","type-post","status-publish","format-standard","has-post-thumbnail","hentry","category-philosophie","tag-capitalisme","tag-conservatisme","tag-frederic-bastiat","tag-interviews","tag-liberalisme","tag-libre-echange","tag-plr"],"acf":[],"yoast_head":"<!-- This site is optimized with the Yoast SEO Premium plugin v27.4 (Yoast SEO v27.4) - https:\/\/yoast.com\/product\/yoast-seo-premium-wordpress\/ -->\n<title>Le lib\u00e9ralisme aujourd\u2019hui<\/title>\n<meta name=\"robots\" content=\"index, follow, max-snippet:-1, max-image-preview:large, max-video-preview:-1\" \/>\n<link rel=\"canonical\" href=\"https:\/\/leregardlibre.com\/en\/philosophy\/le-liberalisme-aujourdhui\/\" \/>\n<meta property=\"og:locale\" content=\"en_US\" \/>\n<meta property=\"og:type\" content=\"article\" \/>\n<meta property=\"og:title\" content=\"Le lib\u00e9ralisme aujourd\u2019hui\" \/>\n<meta property=\"og:description\" content=\"Le Regard Libre N\u00b0 7 - Jonas Follonier L\u2019interview de Fr\u00e9d\u00e9ric Jollien, pr\u00e9sident de la section suisse des European Students...\" \/>\n<meta property=\"og:url\" content=\"https:\/\/leregardlibre.com\/en\/philosophy\/le-liberalisme-aujourdhui\/\" \/>\n<meta property=\"og:site_name\" content=\"Le Regard Libre\" \/>\n<meta property=\"article:publisher\" content=\"https:\/\/www.facebook.com\/leregardlibre\/\" \/>\n<meta property=\"article:author\" content=\"https:\/\/www.facebook.com\/jonas.follonier\/\" \/>\n<meta property=\"article:published_time\" content=\"2014-12-15T06:00:54+00:00\" \/>\n<meta property=\"article:modified_time\" content=\"2023-08-08T15:02:13+00:00\" \/>\n<meta property=\"og:image\" content=\"https:\/\/leregardlibre.com\/wp-content\/uploads\/2017\/04\/frc3a9dc3a9ric-jollien.jpg\" \/>\n\t<meta property=\"og:image:width\" content=\"640\" \/>\n\t<meta property=\"og:image:height\" content=\"802\" \/>\n\t<meta property=\"og:image:type\" content=\"image\/jpeg\" \/>\n<meta name=\"author\" content=\"Jonas Follonier\" \/>\n<meta name=\"twitter:card\" content=\"summary_large_image\" \/>\n<meta name=\"twitter:creator\" content=\"@LeRegardLibre\" \/>\n<meta name=\"twitter:site\" content=\"@LeRegardLibre\" \/>\n<meta name=\"twitter:label1\" content=\"Written by\" \/>\n\t<meta name=\"twitter:data1\" content=\"Jonas Follonier\" \/>\n\t<meta name=\"twitter:label2\" content=\"Est. reading time\" \/>\n\t<meta name=\"twitter:data2\" content=\"10 minutes\" \/>\n<script type=\"application\/ld+json\" class=\"yoast-schema-graph\">{\"@context\":\"https:\\\/\\\/schema.org\",\"@graph\":[{\"@type\":\"Article\",\"@id\":\"https:\\\/\\\/leregardlibre.com\\\/philosophie\\\/le-liberalisme-aujourdhui\\\/#article\",\"isPartOf\":{\"@id\":\"https:\\\/\\\/leregardlibre.com\\\/philosophie\\\/le-liberalisme-aujourdhui\\\/\"},\"author\":{\"name\":\"Jonas Follonier\",\"@id\":\"https:\\\/\\\/leregardlibre.com\\\/#\\\/schema\\\/person\\\/bfe5aa794a23be71485d60e2d93ec0d2\"},\"headline\":\"Le lib\u00e9ralisme aujourd\u2019hui\",\"datePublished\":\"2014-12-15T06:00:54+00:00\",\"dateModified\":\"2023-08-08T15:02:13+00:00\",\"mainEntityOfPage\":{\"@id\":\"https:\\\/\\\/leregardlibre.com\\\/philosophie\\\/le-liberalisme-aujourdhui\\\/\"},\"wordCount\":2124,\"commentCount\":1,\"publisher\":{\"@id\":\"https:\\\/\\\/leregardlibre.com\\\/#organization\"},\"image\":{\"@id\":\"https:\\\/\\\/leregardlibre.com\\\/philosophie\\\/le-liberalisme-aujourdhui\\\/#primaryimage\"},\"thumbnailUrl\":\"https:\\\/\\\/leregardlibre.com\\\/wp-content\\\/uploads\\\/2017\\\/04\\\/frc3a9dc3a9ric-jollien.jpg\",\"keywords\":[\"Capitalisme\",\"Conservatisme\",\"Fr\u00e9d\u00e9ric Bastiat\",\"Interview\",\"Lib\u00e9ralisme\",\"Libre-\u00e9change\",\"PLR\"],\"articleSection\":[\"Philosophie\"],\"inLanguage\":\"en-US\",\"potentialAction\":[{\"@type\":\"CommentAction\",\"name\":\"Comment\",\"target\":[\"https:\\\/\\\/leregardlibre.com\\\/philosophie\\\/le-liberalisme-aujourdhui\\\/#respond\"]}]},{\"@type\":\"WebPage\",\"@id\":\"https:\\\/\\\/leregardlibre.com\\\/philosophie\\\/le-liberalisme-aujourdhui\\\/\",\"url\":\"https:\\\/\\\/leregardlibre.com\\\/philosophie\\\/le-liberalisme-aujourdhui\\\/\",\"name\":\"Le lib\u00e9ralisme aujourd\u2019hui\",\"isPartOf\":{\"@id\":\"https:\\\/\\\/leregardlibre.com\\\/#website\"},\"primaryImageOfPage\":{\"@id\":\"https:\\\/\\\/leregardlibre.com\\\/philosophie\\\/le-liberalisme-aujourdhui\\\/#primaryimage\"},\"image\":{\"@id\":\"https:\\\/\\\/leregardlibre.com\\\/philosophie\\\/le-liberalisme-aujourdhui\\\/#primaryimage\"},\"thumbnailUrl\":\"https:\\\/\\\/leregardlibre.com\\\/wp-content\\\/uploads\\\/2017\\\/04\\\/frc3a9dc3a9ric-jollien.jpg\",\"datePublished\":\"2014-12-15T06:00:54+00:00\",\"dateModified\":\"2023-08-08T15:02:13+00:00\",\"breadcrumb\":{\"@id\":\"https:\\\/\\\/leregardlibre.com\\\/philosophie\\\/le-liberalisme-aujourdhui\\\/#breadcrumb\"},\"inLanguage\":\"en-US\",\"potentialAction\":[{\"@type\":\"ReadAction\",\"target\":[\"https:\\\/\\\/leregardlibre.com\\\/philosophie\\\/le-liberalisme-aujourdhui\\\/\"]}]},{\"@type\":\"ImageObject\",\"inLanguage\":\"en-US\",\"@id\":\"https:\\\/\\\/leregardlibre.com\\\/philosophie\\\/le-liberalisme-aujourdhui\\\/#primaryimage\",\"url\":\"https:\\\/\\\/leregardlibre.com\\\/wp-content\\\/uploads\\\/2017\\\/04\\\/frc3a9dc3a9ric-jollien.jpg\",\"contentUrl\":\"https:\\\/\\\/leregardlibre.com\\\/wp-content\\\/uploads\\\/2017\\\/04\\\/frc3a9dc3a9ric-jollien.jpg\",\"width\":640,\"height\":802},{\"@type\":\"BreadcrumbList\",\"@id\":\"https:\\\/\\\/leregardlibre.com\\\/philosophie\\\/le-liberalisme-aujourdhui\\\/#breadcrumb\",\"itemListElement\":[{\"@type\":\"ListItem\",\"position\":1,\"name\":\"Accueil\",\"item\":\"https:\\\/\\\/leregardlibre.com\\\/\"},{\"@type\":\"ListItem\",\"position\":2,\"name\":\"Le lib\u00e9ralisme aujourd\u2019hui\"}]},{\"@type\":\"WebSite\",\"@id\":\"https:\\\/\\\/leregardlibre.com\\\/#website\",\"url\":\"https:\\\/\\\/leregardlibre.com\\\/\",\"name\":\"Le Regard Libre\",\"description\":\"Premier mensuel suisse de d\u00e9bat\",\"publisher\":{\"@id\":\"https:\\\/\\\/leregardlibre.com\\\/#organization\"},\"potentialAction\":[{\"@type\":\"SearchAction\",\"target\":{\"@type\":\"EntryPoint\",\"urlTemplate\":\"https:\\\/\\\/leregardlibre.com\\\/?s={search_term_string}\"},\"query-input\":{\"@type\":\"PropertyValueSpecification\",\"valueRequired\":true,\"valueName\":\"search_term_string\"}}],\"inLanguage\":\"en-US\"},{\"@type\":\"Organization\",\"@id\":\"https:\\\/\\\/leregardlibre.com\\\/#organization\",\"name\":\"Le Regard Libre\",\"url\":\"https:\\\/\\\/leregardlibre.com\\\/\",\"logo\":{\"@type\":\"ImageObject\",\"inLanguage\":\"en-US\",\"@id\":\"https:\\\/\\\/leregardlibre.com\\\/#\\\/schema\\\/logo\\\/image\\\/\",\"url\":\"https:\\\/\\\/leregardlibre.com\\\/wp-content\\\/uploads\\\/2025\\\/08\\\/logo-rl-icone-neg.jpeg\",\"contentUrl\":\"https:\\\/\\\/leregardlibre.com\\\/wp-content\\\/uploads\\\/2025\\\/08\\\/logo-rl-icone-neg.jpeg\",\"width\":557,\"height\":556,\"caption\":\"Le Regard Libre\"},\"image\":{\"@id\":\"https:\\\/\\\/leregardlibre.com\\\/#\\\/schema\\\/logo\\\/image\\\/\"},\"sameAs\":[\"https:\\\/\\\/www.facebook.com\\\/leregardlibre\\\/\",\"https:\\\/\\\/x.com\\\/LeRegardLibre\",\"https:\\\/\\\/www.linkedin.com\\\/company\\\/le-regard-libre\",\"https:\\\/\\\/www.instagram.com\\\/leregardlibre\\\/\",\"http:\\\/\\\/t.me\\\/leregardlibre\",\"https:\\\/\\\/youtube.com\\\/channel\\\/UC6HzGPomj1LsUmlz-sJtITQ\"],\"description\":\"Le Regard Libre est un mensuel suisse de d\u00e9bat intellectuel et culturel. Sa r\u00e9daction est jeune, b\u00e9n\u00e9vole, lib\u00e9rale et pluraliste. Le magazine para\u00eet en ligne et sous forme papier. Sa langue est le fran\u00e7ais.\",\"email\":\"redaction@leregardlibre.com\",\"legalName\":\"Le Regard Libre\",\"foundingDate\":\"2014-01-01\",\"numberOfEmployees\":{\"@type\":\"QuantitativeValue\",\"minValue\":\"11\",\"maxValue\":\"50\"},\"publishingPrinciples\":\"https:\\\/\\\/leregardlibre.com\\\/a-propos\\\/notre-manifeste\\\/\",\"ownershipFundingInfo\":\"https:\\\/\\\/leregardlibre.com\\\/mentions-legales\\\/\",\"actionableFeedbackPolicy\":\"https:\\\/\\\/leregardlibre.com\\\/conditions-generales-de-vente\\\/\"},{\"@type\":\"Person\",\"@id\":\"https:\\\/\\\/leregardlibre.com\\\/#\\\/schema\\\/person\\\/bfe5aa794a23be71485d60e2d93ec0d2\",\"name\":\"Jonas Follonier\",\"image\":{\"@type\":\"ImageObject\",\"inLanguage\":\"en-US\",\"@id\":\"https:\\\/\\\/secure.gravatar.com\\\/avatar\\\/602060b40f6a458420c2d140f49b6caea99152ce6704f2c332e5a0c5aad80303?s=96&d=identicon&r=g\",\"url\":\"https:\\\/\\\/secure.gravatar.com\\\/avatar\\\/602060b40f6a458420c2d140f49b6caea99152ce6704f2c332e5a0c5aad80303?s=96&d=identicon&r=g\",\"contentUrl\":\"https:\\\/\\\/secure.gravatar.com\\\/avatar\\\/602060b40f6a458420c2d140f49b6caea99152ce6704f2c332e5a0c5aad80303?s=96&d=identicon&r=g\",\"caption\":\"Jonas Follonier\"},\"description\":\"Correspondant au Palais f\u00e9d\u00e9ral pour \u00abL\u2019Agefi\u00bb, auteur-compositeur-interpr\u00e8te et essayiste, Jonas Follonier est le fondateur et r\u00e9dacteur en chef du \u00abRegard Libre\u00bb.\",\"sameAs\":[\"https:\\\/\\\/www.facebook.com\\\/jonas.follonier\\\/\",\"https:\\\/\\\/www.instagram.com\\\/jonasfollonier\\\/\",\"https:\\\/\\\/www.linkedin.com\\\/in\\\/jonasfollonier\\\/\",\"https:\\\/\\\/fr.wikipedia.org\\\/wiki\\\/Le_Regard_libre\"],\"url\":\"https:\\\/\\\/leregardlibre.com\\\/en\\\/author\\\/jonas-follonier\\\/\"}]}<\/script>\n<!-- \/ Yoast SEO Premium plugin. -->","yoast_head_json":{"title":"Liberalism today","robots":{"index":"index","follow":"follow","max-snippet":"max-snippet:-1","max-image-preview":"max-image-preview:large","max-video-preview":"max-video-preview:-1"},"canonical":"https:\/\/leregardlibre.com\/en\/philosophy\/le-liberalisme-aujourdhui\/","og_locale":"en_US","og_type":"article","og_title":"Le lib\u00e9ralisme aujourd\u2019hui","og_description":"Le Regard Libre N\u00b0 7 - Jonas Follonier L\u2019interview de Fr\u00e9d\u00e9ric Jollien, pr\u00e9sident de la section suisse des European Students...","og_url":"https:\/\/leregardlibre.com\/en\/philosophy\/le-liberalisme-aujourdhui\/","og_site_name":"Le Regard Libre","article_publisher":"https:\/\/www.facebook.com\/leregardlibre\/","article_author":"https:\/\/www.facebook.com\/jonas.follonier\/","article_published_time":"2014-12-15T06:00:54+00:00","article_modified_time":"2023-08-08T15:02:13+00:00","og_image":[{"width":640,"height":802,"url":"https:\/\/leregardlibre.com\/wp-content\/uploads\/2017\/04\/frc3a9dc3a9ric-jollien.jpg","type":"image\/jpeg"}],"author":"Jonas Follonier","twitter_card":"summary_large_image","twitter_creator":"@LeRegardLibre","twitter_site":"@LeRegardLibre","twitter_misc":{"Written by":"Jonas Follonier","Est. reading time":"10 minutes"},"schema":{"@context":"https:\/\/schema.org","@graph":[{"@type":"Article","@id":"https:\/\/leregardlibre.com\/philosophie\/le-liberalisme-aujourdhui\/#article","isPartOf":{"@id":"https:\/\/leregardlibre.com\/philosophie\/le-liberalisme-aujourdhui\/"},"author":{"name":"Jonas Follonier","@id":"https:\/\/leregardlibre.com\/#\/schema\/person\/bfe5aa794a23be71485d60e2d93ec0d2"},"headline":"Le lib\u00e9ralisme aujourd\u2019hui","datePublished":"2014-12-15T06:00:54+00:00","dateModified":"2023-08-08T15:02:13+00:00","mainEntityOfPage":{"@id":"https:\/\/leregardlibre.com\/philosophie\/le-liberalisme-aujourdhui\/"},"wordCount":2124,"commentCount":1,"publisher":{"@id":"https:\/\/leregardlibre.com\/#organization"},"image":{"@id":"https:\/\/leregardlibre.com\/philosophie\/le-liberalisme-aujourdhui\/#primaryimage"},"thumbnailUrl":"https:\/\/leregardlibre.com\/wp-content\/uploads\/2017\/04\/frc3a9dc3a9ric-jollien.jpg","keywords":["Capitalisme","Conservatisme","Fr\u00e9d\u00e9ric Bastiat","Interview","Lib\u00e9ralisme","Libre-\u00e9change","PLR"],"articleSection":["Philosophie"],"inLanguage":"en-US","potentialAction":[{"@type":"CommentAction","name":"Comment","target":["https:\/\/leregardlibre.com\/philosophie\/le-liberalisme-aujourdhui\/#respond"]}]},{"@type":"WebPage","@id":"https:\/\/leregardlibre.com\/philosophie\/le-liberalisme-aujourdhui\/","url":"https:\/\/leregardlibre.com\/philosophie\/le-liberalisme-aujourdhui\/","name":"Liberalism today","isPartOf":{"@id":"https:\/\/leregardlibre.com\/#website"},"primaryImageOfPage":{"@id":"https:\/\/leregardlibre.com\/philosophie\/le-liberalisme-aujourdhui\/#primaryimage"},"image":{"@id":"https:\/\/leregardlibre.com\/philosophie\/le-liberalisme-aujourdhui\/#primaryimage"},"thumbnailUrl":"https:\/\/leregardlibre.com\/wp-content\/uploads\/2017\/04\/frc3a9dc3a9ric-jollien.jpg","datePublished":"2014-12-15T06:00:54+00:00","dateModified":"2023-08-08T15:02:13+00:00","breadcrumb":{"@id":"https:\/\/leregardlibre.com\/philosophie\/le-liberalisme-aujourdhui\/#breadcrumb"},"inLanguage":"en-US","potentialAction":[{"@type":"ReadAction","target":["https:\/\/leregardlibre.com\/philosophie\/le-liberalisme-aujourdhui\/"]}]},{"@type":"ImageObject","inLanguage":"en-US","@id":"https:\/\/leregardlibre.com\/philosophie\/le-liberalisme-aujourdhui\/#primaryimage","url":"https:\/\/leregardlibre.com\/wp-content\/uploads\/2017\/04\/frc3a9dc3a9ric-jollien.jpg","contentUrl":"https:\/\/leregardlibre.com\/wp-content\/uploads\/2017\/04\/frc3a9dc3a9ric-jollien.jpg","width":640,"height":802},{"@type":"BreadcrumbList","@id":"https:\/\/leregardlibre.com\/philosophie\/le-liberalisme-aujourdhui\/#breadcrumb","itemListElement":[{"@type":"ListItem","position":1,"name":"Accueil","item":"https:\/\/leregardlibre.com\/"},{"@type":"ListItem","position":2,"name":"Le lib\u00e9ralisme aujourd\u2019hui"}]},{"@type":"WebSite","@id":"https:\/\/leregardlibre.com\/#website","url":"https:\/\/leregardlibre.com\/","name":"Le Regard Libre","description":"Switzerland's first monthly debate magazine","publisher":{"@id":"https:\/\/leregardlibre.com\/#organization"},"potentialAction":[{"@type":"SearchAction","target":{"@type":"EntryPoint","urlTemplate":"https:\/\/leregardlibre.com\/?s={search_term_string}"},"query-input":{"@type":"PropertyValueSpecification","valueRequired":true,"valueName":"search_term_string"}}],"inLanguage":"en-US"},{"@type":"Organization","@id":"https:\/\/leregardlibre.com\/#organization","name":"Le Regard Libre","url":"https:\/\/leregardlibre.com\/","logo":{"@type":"ImageObject","inLanguage":"en-US","@id":"https:\/\/leregardlibre.com\/#\/schema\/logo\/image\/","url":"https:\/\/leregardlibre.com\/wp-content\/uploads\/2025\/08\/logo-rl-icone-neg.jpeg","contentUrl":"https:\/\/leregardlibre.com\/wp-content\/uploads\/2025\/08\/logo-rl-icone-neg.jpeg","width":557,"height":556,"caption":"Le Regard Libre"},"image":{"@id":"https:\/\/leregardlibre.com\/#\/schema\/logo\/image\/"},"sameAs":["https:\/\/www.facebook.com\/leregardlibre\/","https:\/\/x.com\/LeRegardLibre","https:\/\/www.linkedin.com\/company\/le-regard-libre","https:\/\/www.instagram.com\/leregardlibre\/","http:\/\/t.me\/leregardlibre","https:\/\/youtube.com\/channel\/UC6HzGPomj1LsUmlz-sJtITQ"],"description":"Le Regard Libre is a Swiss monthly magazine for intellectual and cultural debate. Its editorial team is young, voluntary, liberal and pluralist. The magazine appears online and in print. Its language is French.","email":"redaction@leregardlibre.com","legalName":"Le Regard Libre","foundingDate":"2014-01-01","numberOfEmployees":{"@type":"QuantitativeValue","minValue":"11","maxValue":"50"},"publishingPrinciples":"https:\/\/leregardlibre.com\/a-propos\/notre-manifeste\/","ownershipFundingInfo":"https:\/\/leregardlibre.com\/mentions-legales\/","actionableFeedbackPolicy":"https:\/\/leregardlibre.com\/conditions-generales-de-vente\/"},{"@type":"Person","@id":"https:\/\/leregardlibre.com\/#\/schema\/person\/bfe5aa794a23be71485d60e2d93ec0d2","name":"Jonas Follonier","image":{"@type":"ImageObject","inLanguage":"en-US","@id":"https:\/\/secure.gravatar.com\/avatar\/602060b40f6a458420c2d140f49b6caea99152ce6704f2c332e5a0c5aad80303?s=96&d=identicon&r=g","url":"https:\/\/secure.gravatar.com\/avatar\/602060b40f6a458420c2d140f49b6caea99152ce6704f2c332e5a0c5aad80303?s=96&d=identicon&r=g","contentUrl":"https:\/\/secure.gravatar.com\/avatar\/602060b40f6a458420c2d140f49b6caea99152ce6704f2c332e5a0c5aad80303?s=96&d=identicon&r=g","caption":"Jonas Follonier"},"description":"Federal Palace correspondent for \u00abL'Agefi\u00bb, singer-songwriter Jonas Follonier is the founder and editor-in-chief of \u00abRegard Libre\u00bb.","sameAs":["https:\/\/www.facebook.com\/jonas.follonier\/","https:\/\/www.instagram.com\/jonasfollonier\/","https:\/\/www.linkedin.com\/in\/jonasfollonier\/","https:\/\/fr.wikipedia.org\/wiki\/Le_Regard_libre"],"url":"https:\/\/leregardlibre.com\/en\/author\/jonas-follonier\/"}]}},"_links":{"self":[{"href":"https:\/\/leregardlibre.com\/en\/wp-json\/wp\/v2\/posts\/6158","targetHints":{"allow":["GET"]}}],"collection":[{"href":"https:\/\/leregardlibre.com\/en\/wp-json\/wp\/v2\/posts"}],"about":[{"href":"https:\/\/leregardlibre.com\/en\/wp-json\/wp\/v2\/types\/post"}],"author":[{"embeddable":true,"href":"https:\/\/leregardlibre.com\/en\/wp-json\/wp\/v2\/users\/138"}],"replies":[{"embeddable":true,"href":"https:\/\/leregardlibre.com\/en\/wp-json\/wp\/v2\/comments?post=6158"}],"version-history":[{"count":1,"href":"https:\/\/leregardlibre.com\/en\/wp-json\/wp\/v2\/posts\/6158\/revisions"}],"predecessor-version":[{"id":509304,"href":"https:\/\/leregardlibre.com\/en\/wp-json\/wp\/v2\/posts\/6158\/revisions\/509304"}],"wp:featuredmedia":[{"embeddable":true,"href":"https:\/\/leregardlibre.com\/en\/wp-json\/wp\/v2\/media\/6253"}],"wp:attachment":[{"href":"https:\/\/leregardlibre.com\/en\/wp-json\/wp\/v2\/media?parent=6158"}],"wp:term":[{"taxonomy":"category","embeddable":true,"href":"https:\/\/leregardlibre.com\/en\/wp-json\/wp\/v2\/categories?post=6158"},{"taxonomy":"post_tag","embeddable":true,"href":"https:\/\/leregardlibre.com\/en\/wp-json\/wp\/v2\/tags?post=6158"}],"curies":[{"name":"wp","href":"https:\/\/api.w.org\/{rel}","templated":true}]}}