{"id":644358480,"count":4,"description":"<p class=\"p1\">En Suisse, l\u2019id\u00e9e de h\u00e9ros national est toujours consid\u00e9r\u00e9e avec une relative m\u00e9fiance. Les Helv\u00e8tes cultivent en effet un id\u00e9al de modestie et de coll\u00e9gialit\u00e9 qui les conduit \u00e0 n\u00e9gliger certaines personnalit\u00e9s ayant jou\u00e9 un r\u00f4le de premier plan dans la vie politique, \u00e9conomique ou culturelle du pays. Il en est ainsi de Le Corbusier, dont la vision iconoclaste de l\u2019architecture a \u00e9t\u00e9 c\u00e9l\u00e9br\u00e9e en dehors des fronti\u00e8res nationales, mais dont l\u2019\u0153uvre est encore tr\u00e8s contest\u00e9e dans le pays. De m\u00eame, le parcours politique hors norme de Numa Droz, plus jeune conseiller f\u00e9d\u00e9ral \u00e0 ce jour, semble aujourd\u2019hui peu int\u00e9resser la population au-del\u00e0 du canton de Neuch\u00e2tel \u2013 et encore. Et si les Suisses s\u2019en viennent tout de m\u00eame \u00e0 c\u00e9l\u00e9brer des figures, elles seront volontiers consensuelles, et leur action li\u00e9e \u00e0 la chose militaire, comme Arnold von Winkelried ou le g\u00e9n\u00e9ral Guisan. Ce dossier propose une analyse de ce ph\u00e9nom\u00e8ne et invite \u00e0 redonner une place \u00e0 certains acteurs oubli\u00e9s de notre histoire afin de lutter contre notre perte de m\u00e9moire collective.<\/p>","link":"https:\/\/leregardlibre.com\/en\/tag\/dossier-nos-heros\/","name":"Dossier OUR HEROES","slug":"dossier-nos-heros","taxonomy":"post_tag","meta":[],"yoast_head":"<!-- This site is optimized with the Yoast SEO Premium plugin v27.4 (Yoast SEO v27.4) - https:\/\/yoast.com\/product\/yoast-seo-premium-wordpress\/ -->\n<title>Dossier NOS H\u00c9ROS | Le Regard Libre<\/title>\n<meta name=\"description\" content=\"Tous les articles tir\u00e9s de notre dossier \u00abNos h\u00e9ros\u00bb\" \/>\n<meta name=\"robots\" content=\"index, follow, max-snippet:-1, max-image-preview:large, max-video-preview:-1\" \/>\n<link rel=\"canonical\" href=\"https:\/\/leregardlibre.com\/en\/tag\/dossier-nos-heros\/\" \/>\n<meta property=\"og:locale\" content=\"en_US\" \/>\n<meta property=\"og:type\" content=\"article\" \/>\n<meta property=\"og:title\" content=\"Dossier NOS H\u00c9ROS | Le Regard Libre\" \/>\n<meta property=\"og:description\" content=\"Tous les articles tir\u00e9s de notre dossier \u00abNos h\u00e9ros\u00bb\" \/>\n<meta property=\"og:url\" content=\"https:\/\/leregardlibre.com\/en\/tag\/dossier-nos-heros\/\" \/>\n<meta property=\"og:site_name\" content=\"Le Regard Libre\" \/>\n<meta property=\"og:image\" content=\"https:\/\/leregardlibre.com\/wp-content\/uploads\/2025\/11\/rl_logo_1a-e1762609033480.jpg\" \/>\n\t<meta property=\"og:image:width\" content=\"2154\" \/>\n\t<meta property=\"og:image:height\" content=\"1264\" \/>\n\t<meta property=\"og:image:type\" content=\"image\/jpeg\" \/>\n<meta name=\"twitter:card\" content=\"summary_large_image\" \/>\n<meta name=\"twitter:site\" content=\"@LeRegardLibre\" \/>\n<script type=\"application\/ld+json\" class=\"yoast-schema-graph\">{\"@context\":\"https:\\\/\\\/schema.org\",\"@graph\":[{\"@type\":\"CollectionPage\",\"@id\":\"https:\\\/\\\/leregardlibre.com\\\/tag\\\/dossier-nos-heros\\\/\",\"url\":\"https:\\\/\\\/leregardlibre.com\\\/tag\\\/dossier-nos-heros\\\/\",\"name\":\"Dossier NOS H\u00c9ROS | Le Regard Libre\",\"isPartOf\":{\"@id\":\"https:\\\/\\\/leregardlibre.com\\\/#website\"},\"description\":\"Tous les articles tir\u00e9s de notre dossier \u00abNos h\u00e9ros\u00bb\",\"breadcrumb\":{\"@id\":\"https:\\\/\\\/leregardlibre.com\\\/tag\\\/dossier-nos-heros\\\/#breadcrumb\"},\"inLanguage\":\"en-US\"},{\"@type\":\"BreadcrumbList\",\"@id\":\"https:\\\/\\\/leregardlibre.com\\\/tag\\\/dossier-nos-heros\\\/#breadcrumb\",\"itemListElement\":[{\"@type\":\"ListItem\",\"position\":1,\"name\":\"Accueil\",\"item\":\"https:\\\/\\\/leregardlibre.com\\\/\"},{\"@type\":\"ListItem\",\"position\":2,\"name\":\"Dossier NOS H\u00c9ROS\"}]},{\"@type\":\"WebSite\",\"@id\":\"https:\\\/\\\/leregardlibre.com\\\/#website\",\"url\":\"https:\\\/\\\/leregardlibre.com\\\/\",\"name\":\"Le Regard Libre\",\"description\":\"Premier mensuel suisse de d\u00e9bat\",\"publisher\":{\"@id\":\"https:\\\/\\\/leregardlibre.com\\\/#organization\"},\"potentialAction\":[{\"@type\":\"SearchAction\",\"target\":{\"@type\":\"EntryPoint\",\"urlTemplate\":\"https:\\\/\\\/leregardlibre.com\\\/?s={search_term_string}\"},\"query-input\":{\"@type\":\"PropertyValueSpecification\",\"valueRequired\":true,\"valueName\":\"search_term_string\"}}],\"inLanguage\":\"en-US\"},{\"@type\":\"Organization\",\"@id\":\"https:\\\/\\\/leregardlibre.com\\\/#organization\",\"name\":\"Le Regard Libre\",\"url\":\"https:\\\/\\\/leregardlibre.com\\\/\",\"logo\":{\"@type\":\"ImageObject\",\"inLanguage\":\"en-US\",\"@id\":\"https:\\\/\\\/leregardlibre.com\\\/#\\\/schema\\\/logo\\\/image\\\/\",\"url\":\"https:\\\/\\\/leregardlibre.com\\\/wp-content\\\/uploads\\\/2025\\\/08\\\/logo-rl-icone-neg.jpeg\",\"contentUrl\":\"https:\\\/\\\/leregardlibre.com\\\/wp-content\\\/uploads\\\/2025\\\/08\\\/logo-rl-icone-neg.jpeg\",\"width\":557,\"height\":556,\"caption\":\"Le Regard Libre\"},\"image\":{\"@id\":\"https:\\\/\\\/leregardlibre.com\\\/#\\\/schema\\\/logo\\\/image\\\/\"},\"sameAs\":[\"https:\\\/\\\/www.facebook.com\\\/leregardlibre\\\/\",\"https:\\\/\\\/x.com\\\/LeRegardLibre\",\"https:\\\/\\\/www.linkedin.com\\\/company\\\/le-regard-libre\",\"https:\\\/\\\/www.instagram.com\\\/leregardlibre\\\/\",\"http:\\\/\\\/t.me\\\/leregardlibre\",\"https:\\\/\\\/youtube.com\\\/channel\\\/UC6HzGPomj1LsUmlz-sJtITQ\"],\"description\":\"Le Regard Libre est un mensuel suisse de d\u00e9bat intellectuel et culturel. Sa r\u00e9daction est jeune, b\u00e9n\u00e9vole, lib\u00e9rale et pluraliste. Le magazine para\u00eet en ligne et sous forme papier. Sa langue est le fran\u00e7ais.\",\"email\":\"redaction@leregardlibre.com\",\"legalName\":\"Le Regard Libre\",\"foundingDate\":\"2014-01-01\",\"numberOfEmployees\":{\"@type\":\"QuantitativeValue\",\"minValue\":\"11\",\"maxValue\":\"50\"},\"publishingPrinciples\":\"https:\\\/\\\/leregardlibre.com\\\/a-propos\\\/notre-manifeste\\\/\",\"ownershipFundingInfo\":\"https:\\\/\\\/leregardlibre.com\\\/mentions-legales\\\/\",\"actionableFeedbackPolicy\":\"https:\\\/\\\/leregardlibre.com\\\/conditions-generales-de-vente\\\/\"}]}<\/script>\n<!-- \/ Yoast SEO Premium plugin. -->","yoast_head_json":{"title":"Dossier NOS H\u00c9ROS | Le Regard Libre","description":"Tous les articles tir\u00e9s de notre dossier \u00abNos h\u00e9ros\u00bb","robots":{"index":"index","follow":"follow","max-snippet":"max-snippet:-1","max-image-preview":"max-image-preview:large","max-video-preview":"max-video-preview:-1"},"canonical":"https:\/\/leregardlibre.com\/en\/tag\/dossier-nos-heros\/","og_locale":"en_US","og_type":"article","og_title":"Dossier NOS H\u00c9ROS | Le Regard Libre","og_description":"Tous les articles tir\u00e9s de notre dossier \u00abNos h\u00e9ros\u00bb","og_url":"https:\/\/leregardlibre.com\/en\/tag\/dossier-nos-heros\/","og_site_name":"Le Regard Libre","og_image":[{"width":2154,"height":1264,"url":"https:\/\/leregardlibre.com\/wp-content\/uploads\/2025\/11\/rl_logo_1a-e1762609033480.jpg","type":"image\/jpeg"}],"twitter_card":"summary_large_image","twitter_site":"@LeRegardLibre","schema":{"@context":"https:\/\/schema.org","@graph":[{"@type":"CollectionPage","@id":"https:\/\/leregardlibre.com\/tag\/dossier-nos-heros\/","url":"https:\/\/leregardlibre.com\/tag\/dossier-nos-heros\/","name":"Dossier NOS H\u00c9ROS | Le Regard Libre","isPartOf":{"@id":"https:\/\/leregardlibre.com\/#website"},"description":"Tous les articles tir\u00e9s de notre dossier \u00abNos h\u00e9ros\u00bb","breadcrumb":{"@id":"https:\/\/leregardlibre.com\/tag\/dossier-nos-heros\/#breadcrumb"},"inLanguage":"en-US"},{"@type":"BreadcrumbList","@id":"https:\/\/leregardlibre.com\/tag\/dossier-nos-heros\/#breadcrumb","itemListElement":[{"@type":"ListItem","position":1,"name":"Accueil","item":"https:\/\/leregardlibre.com\/"},{"@type":"ListItem","position":2,"name":"Dossier NOS H\u00c9ROS"}]},{"@type":"WebSite","@id":"https:\/\/leregardlibre.com\/#website","url":"https:\/\/leregardlibre.com\/","name":"Le Regard Libre","description":"Switzerland's first monthly debate magazine","publisher":{"@id":"https:\/\/leregardlibre.com\/#organization"},"potentialAction":[{"@type":"SearchAction","target":{"@type":"EntryPoint","urlTemplate":"https:\/\/leregardlibre.com\/?s={search_term_string}"},"query-input":{"@type":"PropertyValueSpecification","valueRequired":true,"valueName":"search_term_string"}}],"inLanguage":"en-US"},{"@type":"Organization","@id":"https:\/\/leregardlibre.com\/#organization","name":"Le Regard Libre","url":"https:\/\/leregardlibre.com\/","logo":{"@type":"ImageObject","inLanguage":"en-US","@id":"https:\/\/leregardlibre.com\/#\/schema\/logo\/image\/","url":"https:\/\/leregardlibre.com\/wp-content\/uploads\/2025\/08\/logo-rl-icone-neg.jpeg","contentUrl":"https:\/\/leregardlibre.com\/wp-content\/uploads\/2025\/08\/logo-rl-icone-neg.jpeg","width":557,"height":556,"caption":"Le Regard Libre"},"image":{"@id":"https:\/\/leregardlibre.com\/#\/schema\/logo\/image\/"},"sameAs":["https:\/\/www.facebook.com\/leregardlibre\/","https:\/\/x.com\/LeRegardLibre","https:\/\/www.linkedin.com\/company\/le-regard-libre","https:\/\/www.instagram.com\/leregardlibre\/","http:\/\/t.me\/leregardlibre","https:\/\/youtube.com\/channel\/UC6HzGPomj1LsUmlz-sJtITQ"],"description":"Le Regard Libre is a Swiss monthly magazine for intellectual and cultural debate. Its editorial team is young, voluntary, liberal and pluralist. The magazine appears online and in print. Its language is French.","email":"redaction@leregardlibre.com","legalName":"Le Regard Libre","foundingDate":"2014-01-01","numberOfEmployees":{"@type":"QuantitativeValue","minValue":"11","maxValue":"50"},"publishingPrinciples":"https:\/\/leregardlibre.com\/a-propos\/notre-manifeste\/","ownershipFundingInfo":"https:\/\/leregardlibre.com\/mentions-legales\/","actionableFeedbackPolicy":"https:\/\/leregardlibre.com\/conditions-generales-de-vente\/"}]}},"_links":{"self":[{"href":"https:\/\/leregardlibre.com\/en\/wp-json\/wp\/v2\/tags\/644358480","targetHints":{"allow":["GET"]}}],"collection":[{"href":"https:\/\/leregardlibre.com\/en\/wp-json\/wp\/v2\/tags"}],"about":[{"href":"https:\/\/leregardlibre.com\/en\/wp-json\/wp\/v2\/taxonomies\/post_tag"}],"wp:post_type":[{"href":"https:\/\/leregardlibre.com\/en\/wp-json\/wp\/v2\/posts?tags=644358480"}],"curies":[{"name":"wp","href":"https:\/\/api.w.org\/{rel}","templated":true}]}}